{"id":17324,"date":"2023-11-16T13:33:03","date_gmt":"2023-11-16T13:33:03","guid":{"rendered":"http:\/\/staging.ibermusicas.org\/?p=17324"},"modified":"2023-11-29T21:42:05","modified_gmt":"2023-11-29T21:42:05","slug":"a-dupla-peruana-alejandro-y-maria-laura-continua-a-sua-digressao-madre-padre-marte-em-varias-cidades-europeias-2","status":"publish","type":"post","link":"http:\/\/staging.ibermusicas.org\/index.php\/a-dupla-peruana-alejandro-y-maria-laura-continua-a-sua-digressao-madre-padre-marte-em-varias-cidades-europeias-2\/","title":{"rendered":"A dupla peruana Alejandro y Mar\u00eda Laura continua a sua digress\u00e3o Madre Padre Marte em v\u00e1rias cidades europeias"},"content":{"rendered":"<p>Alejandro y Mar\u00eda Laura continuam a apresentar o seu novo \u00e1lbum em Espanha gra\u00e7as \u00e0s bolsas de mobilidade da Iberm\u00fasicas e da ag\u00eancia Born! Music agency. Entre junho e dezembro de 2023, Alejandro e Maria Laura apresentam o seu novo \u00e1lbum \u00abMadre Padre Marte\u00bb em diferentes cidades da Europa, principalmente em Espanha. A digress\u00e3o inclui a participa\u00e7\u00e3o da dupla no Festival Do\u00f1a e no Festival Tierra Bobal, ao lado de artistas como Aterciopelados e Julieta Venegas.<\/p>\n<p>&nbsp;<\/p>\n<p>Alejandro e Maria Laura s\u00e3o um duo, fam\u00edlia e co-compositores do Peru. Can\u00e7\u00f5es como \u00abAg\u00fcita del Equilibrio\u00bb e \u00abUna fiesta cualquiera\u00bb os levaram a estabelecer uma liga\u00e7\u00e3o \u00edntima com um p\u00fablico que aprecia o calor das suas letras e harmonias vocais. Com mais de treze anos de experi\u00eancia, produziram quatro \u00e1lbuns e colaboraram com importantes artistas latino-americanos, como Susana Baca (Peru), Paulinho Moska (Brasil) e Kevin Johansen (Argentina).<\/p>\n<p>&nbsp;<\/p>\n<p>A dupla lan\u00e7ou recentemente seu quarto \u00e1lbum de est\u00fadio, \u00abMadre Padre Marte\u00bb, nas plataformas digitais. M\u00fasicas como \u00abSana sana\u00bb e \u00abAlgo tiene que estar mal\u00bb s\u00e3o os primeiros singles deste novo material que cont\u00e9m 13 can\u00e7\u00f5es. O novo \u00e1lbum foi gravado desde 2020 com o m\u00fasico e produtor chileno Javier Barr\u00eda. Nesta fase, \u00abLo que iba a ser\u00bb foi lan\u00e7ado com a colabora\u00e7\u00e3o de Andrea Echeverri, \u00edcone do rock na Col\u00f4mbia e l\u00edder da famosa banda Aterciopelados. A segunda fase do \u00e1lbum (2022) foi gravada no El Desierto Casa Estudio na Cidade do M\u00e9xico sob a produ\u00e7\u00e3o de Gustavo Guerrero, tamb\u00e9m produtor de artistas como Natalia Lafourcade e Silvana Estrada.<\/p>\n<p>&nbsp;<\/p>\n<p>A turn\u00ea europeia de Alejandro e Mar\u00eda Laura \u00e9 apoiada pelo Programa Iberm\u00fasicas por meio de suas ajudas para a Circula\u00e7\u00e3o Ibero-Americana, editais 2022.<\/p>\n<p>&nbsp;<\/p>\n<p>23 de novembro: Caf\u00e9 Berl\u00edn, Madrid, Espa\u00f1a<\/p>\n<p><a href=\"https:\/\/linktr.ee\/alejandroymarialaura\">https:\/\/linktr.ee\/alejandroymarialaura<\/a><\/p>\n","protected":false},"excerpt":{"rendered":"<p>Alejandro y Mar\u00eda Laura continuam a apresentar o seu novo \u00e1lbum em Espanha gra\u00e7as \u00e0s bolsas de mobilidade da Iberm\u00fasicas e da ag\u00eancia Born! Music agency. Entre junho e dezembro de 2023, Alejandro e Maria Laura apresentam o seu novo \u00e1lbum \u00abMadre Padre Marte\u00bb em diferentes cidades da Europa, principalmente em Espanha. A digress\u00e3o inclui [&hellip;]<\/p>\n","protected":false},"author":7,"featured_media":17322,"comment_status":"closed","ping_status":"closed","sticky":false,"template":"","format":"standard","meta":{"footnotes":""},"categories":[218],"tags":[],"class_list":["post-17324","post","type-post","status-publish","format-standard","has-post-thumbnail","hentry","category-noticias-generales-pt"],"lang":"pt","translations":{"pt":17324,"es":17321},"pll_sync_post":[],"post_mailing_queue_ids":[],"_links":{"self":[{"href":"http:\/\/staging.ibermusicas.org\/index.php\/wp-json\/wp\/v2\/posts\/17324","targetHints":{"allow":["GET"]}}],"collection":[{"href":"http:\/\/staging.ibermusicas.org\/index.php\/wp-json\/wp\/v2\/posts"}],"about":[{"href":"http:\/\/staging.ibermusicas.org\/index.php\/wp-json\/wp\/v2\/types\/post"}],"author":[{"embeddable":true,"href":"http:\/\/staging.ibermusicas.org\/index.php\/wp-json\/wp\/v2\/users\/7"}],"replies":[{"embeddable":true,"href":"http:\/\/staging.ibermusicas.org\/index.php\/wp-json\/wp\/v2\/comments?post=17324"}],"version-history":[{"count":1,"href":"http:\/\/staging.ibermusicas.org\/index.php\/wp-json\/wp\/v2\/posts\/17324\/revisions"}],"predecessor-version":[{"id":17325,"href":"http:\/\/staging.ibermusicas.org\/index.php\/wp-json\/wp\/v2\/posts\/17324\/revisions\/17325"}],"wp:featuredmedia":[{"embeddable":true,"href":"http:\/\/staging.ibermusicas.org\/index.php\/wp-json\/wp\/v2\/media\/17322"}],"wp:attachment":[{"href":"http:\/\/staging.ibermusicas.org\/index.php\/wp-json\/wp\/v2\/media?parent=17324"}],"wp:term":[{"taxonomy":"category","embeddable":true,"href":"http:\/\/staging.ibermusicas.org\/index.php\/wp-json\/wp\/v2\/categories?post=17324"},{"taxonomy":"post_tag","embeddable":true,"href":"http:\/\/staging.ibermusicas.org\/index.php\/wp-json\/wp\/v2\/tags?post=17324"}],"curies":[{"name":"wp","href":"https:\/\/api.w.org\/{rel}","templated":true}]}}