{"id":17326,"date":"2023-11-16T13:36:33","date_gmt":"2023-11-16T13:36:33","guid":{"rendered":"http:\/\/staging.ibermusicas.org\/?p=17326"},"modified":"2023-11-29T21:39:46","modified_gmt":"2023-11-29T21:39:46","slug":"desde-argentina-se-realizara-la-edicion-virtual-del-iv-festival-de-improvisacion-musical-con-senas","status":"publish","type":"post","link":"http:\/\/staging.ibermusicas.org\/index.php\/desde-argentina-se-realizara-la-edicion-virtual-del-iv-festival-de-improvisacion-musical-con-senas\/","title":{"rendered":"Desde Argentina se realizar\u00e1 la edici\u00f3n virtual del IV Festival de Improvisaci\u00f3n Musical con Se\u00f1as"},"content":{"rendered":"<p>El Festival de Improvisaci\u00f3n Musical con Se\u00f1as (FIMS) es un espacio de encuentro, formaci\u00f3n y creaci\u00f3n en el campo de la improvisaci\u00f3n musical dirigida. El Festival est\u00e1 orientado a estudiantes de m\u00fasica de todos los niveles, m\u00fasicos profesionales, directores y docentes interesados en la direcci\u00f3n y composici\u00f3n en tiempo real.<\/p>\n<p>&nbsp;<\/p>\n<p>El FIMS virtual contempla la realizaci\u00f3n de cuatro conversatorios con referentes internacionales en el campo de la improvisaci\u00f3n dirigida. Participar\u00e1n Evan Mazunik (USA), Silvia Bolognesi (Italia), Aixa Figini (Portugal) y Guilherme Peluci (Brasil). Se realizar\u00e1n por la plataforma Zoom y ser\u00e1n en idioma espa\u00f1ol. El acceso a las mismas es libre y gratuito, con inscripci\u00f3n previa.<\/p>\n<p>&nbsp;<\/p>\n<p>El proyecto llevado a cabo por Mar\u00eda Fern\u00e1ndez Cullen cuenta con el apoyo de Iberm\u00fasicas mediante sus Ayudar al Sector Musical en Modalidad Virtual.<\/p>\n<p>&nbsp;<\/p>\n<ul>\n<li>28 de noviembre 19h \u00abTocando fuera del papel: peligros y posibilidades de la composici\u00f3n en vivo\u00bb a cargo de Evan Mazunik (EE. UU.)<\/li>\n<li>29 de noviembre 17h \u00abEnfoque en la improvisaci\u00f3n radical y Conducci\u00f3n\u00bb a cargo de Silvia Bolognesi (Italia)<\/li>\n<li>30 de noviembre 10h \u00abLa voz y el ritmo con se\u00f1as\u00bb a cargo de Aixa Figini (Portugal\/Argentina)<\/li>\n<li>1 de diciembre 19h \u00abConducci\u00f3n H\u00edbrida \u2013 T\u00e9cnicas Ad Hoc de Improvisaci\u00f3n Dirigida\u00bb a cargo de Guilherme Peluci (Brasil)<\/li>\n<\/ul>\n<p>&nbsp;<\/p>\n<p><a href=\"https:\/\/musicaenelaire.com.ar\/4-fims\/\">https:\/\/musicaenelaire.com.ar\/4-fims\/<\/a><\/p>\n","protected":false},"excerpt":{"rendered":"<p>El Festival de Improvisaci\u00f3n Musical con Se\u00f1as (FIMS) es un espacio de encuentro, formaci\u00f3n y creaci\u00f3n en el campo de la improvisaci\u00f3n musical dirigida. El Festival est\u00e1 orientado a estudiantes de m\u00fasica de todos los niveles, m\u00fasicos profesionales, directores y docentes interesados en la direcci\u00f3n y composici\u00f3n en tiempo real. &nbsp; El FIMS virtual contempla [&hellip;]<\/p>\n","protected":false},"author":7,"featured_media":17327,"comment_status":"closed","ping_status":"closed","sticky":false,"template":"","format":"standard","meta":{"footnotes":""},"categories":[53],"tags":[],"class_list":["post-17326","post","type-post","status-publish","format-standard","has-post-thumbnail","hentry","category-noticias-generales"],"lang":"es","translations":{"es":17326,"pt":17329},"pll_sync_post":[],"post_mailing_queue_ids":[],"_links":{"self":[{"href":"http:\/\/staging.ibermusicas.org\/index.php\/wp-json\/wp\/v2\/posts\/17326","targetHints":{"allow":["GET"]}}],"collection":[{"href":"http:\/\/staging.ibermusicas.org\/index.php\/wp-json\/wp\/v2\/posts"}],"about":[{"href":"http:\/\/staging.ibermusicas.org\/index.php\/wp-json\/wp\/v2\/types\/post"}],"author":[{"embeddable":true,"href":"http:\/\/staging.ibermusicas.org\/index.php\/wp-json\/wp\/v2\/users\/7"}],"replies":[{"embeddable":true,"href":"http:\/\/staging.ibermusicas.org\/index.php\/wp-json\/wp\/v2\/comments?post=17326"}],"version-history":[{"count":1,"href":"http:\/\/staging.ibermusicas.org\/index.php\/wp-json\/wp\/v2\/posts\/17326\/revisions"}],"predecessor-version":[{"id":17328,"href":"http:\/\/staging.ibermusicas.org\/index.php\/wp-json\/wp\/v2\/posts\/17326\/revisions\/17328"}],"wp:featuredmedia":[{"embeddable":true,"href":"http:\/\/staging.ibermusicas.org\/index.php\/wp-json\/wp\/v2\/media\/17327"}],"wp:attachment":[{"href":"http:\/\/staging.ibermusicas.org\/index.php\/wp-json\/wp\/v2\/media?parent=17326"}],"wp:term":[{"taxonomy":"category","embeddable":true,"href":"http:\/\/staging.ibermusicas.org\/index.php\/wp-json\/wp\/v2\/categories?post=17326"},{"taxonomy":"post_tag","embeddable":true,"href":"http:\/\/staging.ibermusicas.org\/index.php\/wp-json\/wp\/v2\/tags?post=17326"}],"curies":[{"name":"wp","href":"https:\/\/api.w.org\/{rel}","templated":true}]}}