{"id":17329,"date":"2023-11-16T13:38:53","date_gmt":"2023-11-16T13:38:53","guid":{"rendered":"http:\/\/staging.ibermusicas.org\/?p=17329"},"modified":"2023-11-29T21:41:58","modified_gmt":"2023-11-29T21:41:58","slug":"a-edicao-virtual-do-iv-festival-de-improvisacion-musical-con-senas-sera-realizada-na-argentina","status":"publish","type":"post","link":"http:\/\/staging.ibermusicas.org\/index.php\/a-edicao-virtual-do-iv-festival-de-improvisacion-musical-con-senas-sera-realizada-na-argentina\/","title":{"rendered":"A edi\u00e7\u00e3o virtual do IV Festival de Improvisaci\u00f3n Musical con Se\u00f1as ser\u00e1 realizada na Argentina"},"content":{"rendered":"<p>O Festival de Improvisaci\u00f3n Musical con Se\u00f1as (FIMS) \u00e9 um espa\u00e7o de encontro, forma\u00e7\u00e3o e cria\u00e7\u00e3o no campo da improvisa\u00e7\u00e3o musical dirigida. O Festival \u00e9 dirigido a estudantes de m\u00fasica de todos os n\u00edveis, m\u00fasicos profissionais, maestros e professores interessados em dirigir e compor em tempo real.<\/p>\n<p>&nbsp;<\/p>\n<p>O FIMS virtual inclui quatro palestras com l\u00edderes internacionais no campo da improvisa\u00e7\u00e3o dirigida. Participar\u00e3o Evan Mazunik (EUA), Silvia Bolognesi (It\u00e1lia), Aixa Figini (Portugal) e Guilherme Peluci (Brasil). Ser\u00e3o realizadas na plataforma Zoom e estar\u00e3o em espanhol. O acesso \u00e9 gratuito, mediante registo pr\u00e9vio.<\/p>\n<p>&nbsp;<\/p>\n<p>O projeto levado a cabo por Mar\u00eda Fern\u00e1ndez Cullen \u00e9 apoiado pelo Programa Iberm\u00fasicas atrav\u00e9s das Ajudas ao Sector Musical em Modalidade Virtual.<\/p>\n<ul>\n<li>28 de novembro 19h \u00abPlaying off paper: dangers and possibilities of live composition\u00bb por Evan Mazunik (EUA).<\/li>\n<li>29 de novembro 17h \u00abFoco na improvisa\u00e7\u00e3o radical e na dire\u00e7\u00e3o\u00bb por Silvia Bolognesi (It\u00e1lia)<\/li>\n<li>30 de novembro 10h \u00abVoz e ritmo com sinais\u00bb por Aixa Figini (Portugal\/Argentina)<\/li>\n<li>1 de dezembro 19h \u00abCondu\u00e7\u00e3o H\u00edbrida &#8211; T\u00e9cnicas Ad Hoc de Improvisa\u00e7\u00e3o Dirigida\u00bb por Guilherme Peluci (Brasil)<\/li>\n<\/ul>\n<p>&nbsp;<\/p>\n<p>https:\/\/musicaenelaire.com.ar\/4-fims\/<\/p>\n","protected":false},"excerpt":{"rendered":"<p>O Festival de Improvisaci\u00f3n Musical con Se\u00f1as (FIMS) \u00e9 um espa\u00e7o de encontro, forma\u00e7\u00e3o e cria\u00e7\u00e3o no campo da improvisa\u00e7\u00e3o musical dirigida. O Festival \u00e9 dirigido a estudantes de m\u00fasica de todos os n\u00edveis, m\u00fasicos profissionais, maestros e professores interessados em dirigir e compor em tempo real. &nbsp; O FIMS virtual inclui quatro palestras com [&hellip;]<\/p>\n","protected":false},"author":7,"featured_media":17327,"comment_status":"closed","ping_status":"closed","sticky":false,"template":"","format":"standard","meta":{"footnotes":""},"categories":[218],"tags":[],"class_list":["post-17329","post","type-post","status-publish","format-standard","has-post-thumbnail","hentry","category-noticias-generales-pt"],"lang":"pt","translations":{"pt":17329,"es":17326},"pll_sync_post":[],"post_mailing_queue_ids":[],"_links":{"self":[{"href":"http:\/\/staging.ibermusicas.org\/index.php\/wp-json\/wp\/v2\/posts\/17329","targetHints":{"allow":["GET"]}}],"collection":[{"href":"http:\/\/staging.ibermusicas.org\/index.php\/wp-json\/wp\/v2\/posts"}],"about":[{"href":"http:\/\/staging.ibermusicas.org\/index.php\/wp-json\/wp\/v2\/types\/post"}],"author":[{"embeddable":true,"href":"http:\/\/staging.ibermusicas.org\/index.php\/wp-json\/wp\/v2\/users\/7"}],"replies":[{"embeddable":true,"href":"http:\/\/staging.ibermusicas.org\/index.php\/wp-json\/wp\/v2\/comments?post=17329"}],"version-history":[{"count":1,"href":"http:\/\/staging.ibermusicas.org\/index.php\/wp-json\/wp\/v2\/posts\/17329\/revisions"}],"predecessor-version":[{"id":17330,"href":"http:\/\/staging.ibermusicas.org\/index.php\/wp-json\/wp\/v2\/posts\/17329\/revisions\/17330"}],"wp:featuredmedia":[{"embeddable":true,"href":"http:\/\/staging.ibermusicas.org\/index.php\/wp-json\/wp\/v2\/media\/17327"}],"wp:attachment":[{"href":"http:\/\/staging.ibermusicas.org\/index.php\/wp-json\/wp\/v2\/media?parent=17329"}],"wp:term":[{"taxonomy":"category","embeddable":true,"href":"http:\/\/staging.ibermusicas.org\/index.php\/wp-json\/wp\/v2\/categories?post=17329"},{"taxonomy":"post_tag","embeddable":true,"href":"http:\/\/staging.ibermusicas.org\/index.php\/wp-json\/wp\/v2\/tags?post=17329"}],"curies":[{"name":"wp","href":"https:\/\/api.w.org\/{rel}","templated":true}]}}