{"id":17334,"date":"2023-11-16T13:41:37","date_gmt":"2023-11-16T13:41:37","guid":{"rendered":"http:\/\/staging.ibermusicas.org\/?p=17334"},"modified":"2023-11-29T21:41:52","modified_gmt":"2023-11-29T21:41:52","slug":"a-banda-panamiana-banda-la-tribu-continua-com-a-sua-digressao-abya-yala-2023-2","status":"publish","type":"post","link":"http:\/\/staging.ibermusicas.org\/index.php\/a-banda-panamiana-banda-la-tribu-continua-com-a-sua-digressao-abya-yala-2023-2\/","title":{"rendered":"A banda panamiana Banda La Tribu continua com a sua digress\u00e3o Abya Yala 2023"},"content":{"rendered":"<p>A Banda la Tribu \u00e9 um grupo de m\u00fasica nativa da na\u00e7\u00e3o Dule de Gunayala, localizada no Panam\u00e1. Combinam instrumentos da sua regi\u00e3o com ritmos contempor\u00e2neos. Levaram a sua m\u00fasica de fus\u00e3o a palcos como o Vive Latino em CDMX e o Rock al Parque em Bogot\u00e1 e a pa\u00edses como o Jap\u00e3o e o Brasil, impactando com a sua fus\u00e3o um p\u00fablico que \u00e9 contagiado pelos sons \u00e9tnicos dos povos ind\u00edgenas da Am\u00e9rica Latina.<\/p>\n<p>&nbsp;<\/p>\n<p>Nesta digress\u00e3o ter\u00e3o a oportunidade de partilhar o palco com m\u00fasicos de destaque da regi\u00e3o como Roco Pachukote do M\u00e9xico, Marimba Contempor\u00e1nea da Guatemala, Conjunto Tropid\u00e9lico de El Salvador, La Mafia Andina do Equador, Destyn Maloya de Fran\u00e7a, Fundingue Vallenato da Col\u00f4mbia, Mula da Rep\u00fablica Dominicana, e da Costa Rica Aborijah, Nillo, Proyecto Jirondai, Los Reverbs, Herederos de la Cultura, entre outros.<\/p>\n<p>&nbsp;<\/p>\n<p>Esta turn\u00ea faz parte de uma digress\u00e3o latino-americana que inclui pa\u00edses como a Col\u00f4mbia, a Costa Rica, o Equador e o M\u00e9xico, gra\u00e7as ao financiamento do Iberm\u00fasicas e do Minist\u00e9rio da Cultura do Panam\u00e1.<\/p>\n<p>&nbsp;<\/p>\n<p><a href=\"https:\/\/open.spotify.com\/artist\/67xE4LOyLg2TKFVj6z8GZH\">https:\/\/open.spotify.com\/artist\/67xE4LOyLg2TKFVj6z8GZH<\/a><\/p>\n<p><a href=\"https:\/\/www.youtube.com\/@bandalatribu6647\">https:\/\/www.youtube.com\/@bandalatribu6647<\/a><\/p>\n","protected":false},"excerpt":{"rendered":"<p>A Banda la Tribu \u00e9 um grupo de m\u00fasica nativa da na\u00e7\u00e3o Dule de Gunayala, localizada no Panam\u00e1. Combinam instrumentos da sua regi\u00e3o com ritmos contempor\u00e2neos. Levaram a sua m\u00fasica de fus\u00e3o a palcos como o Vive Latino em CDMX e o Rock al Parque em Bogot\u00e1 e a pa\u00edses como o Jap\u00e3o e o [&hellip;]<\/p>\n","protected":false},"author":7,"featured_media":17332,"comment_status":"closed","ping_status":"closed","sticky":false,"template":"","format":"standard","meta":{"footnotes":""},"categories":[218],"tags":[],"class_list":["post-17334","post","type-post","status-publish","format-standard","has-post-thumbnail","hentry","category-noticias-generales-pt"],"lang":"pt","translations":{"pt":17334,"es":17331},"pll_sync_post":[],"post_mailing_queue_ids":[],"_links":{"self":[{"href":"http:\/\/staging.ibermusicas.org\/index.php\/wp-json\/wp\/v2\/posts\/17334","targetHints":{"allow":["GET"]}}],"collection":[{"href":"http:\/\/staging.ibermusicas.org\/index.php\/wp-json\/wp\/v2\/posts"}],"about":[{"href":"http:\/\/staging.ibermusicas.org\/index.php\/wp-json\/wp\/v2\/types\/post"}],"author":[{"embeddable":true,"href":"http:\/\/staging.ibermusicas.org\/index.php\/wp-json\/wp\/v2\/users\/7"}],"replies":[{"embeddable":true,"href":"http:\/\/staging.ibermusicas.org\/index.php\/wp-json\/wp\/v2\/comments?post=17334"}],"version-history":[{"count":1,"href":"http:\/\/staging.ibermusicas.org\/index.php\/wp-json\/wp\/v2\/posts\/17334\/revisions"}],"predecessor-version":[{"id":17335,"href":"http:\/\/staging.ibermusicas.org\/index.php\/wp-json\/wp\/v2\/posts\/17334\/revisions\/17335"}],"wp:featuredmedia":[{"embeddable":true,"href":"http:\/\/staging.ibermusicas.org\/index.php\/wp-json\/wp\/v2\/media\/17332"}],"wp:attachment":[{"href":"http:\/\/staging.ibermusicas.org\/index.php\/wp-json\/wp\/v2\/media?parent=17334"}],"wp:term":[{"taxonomy":"category","embeddable":true,"href":"http:\/\/staging.ibermusicas.org\/index.php\/wp-json\/wp\/v2\/categories?post=17334"},{"taxonomy":"post_tag","embeddable":true,"href":"http:\/\/staging.ibermusicas.org\/index.php\/wp-json\/wp\/v2\/tags?post=17334"}],"curies":[{"name":"wp","href":"https:\/\/api.w.org\/{rel}","templated":true}]}}