{"id":17336,"date":"2023-11-16T13:46:10","date_gmt":"2023-11-16T13:46:10","guid":{"rendered":"http:\/\/staging.ibermusicas.org\/?p=17336"},"modified":"2023-11-16T13:46:10","modified_gmt":"2023-11-16T13:46:10","slug":"sonda-el-proyecto-de-colaboracion-que-reune-a-diversos-sellos-latinoamericanos-de-musica-experimental-comienza-su-travesia","status":"publish","type":"post","link":"http:\/\/staging.ibermusicas.org\/index.php\/sonda-el-proyecto-de-colaboracion-que-reune-a-diversos-sellos-latinoamericanos-de-musica-experimental-comienza-su-travesia\/","title":{"rendered":"SONDA, el proyecto de colaboraci\u00f3n que re\u00fane a diversos sellos latinoamericanos de m\u00fasica experimental, comienza su traves\u00eda"},"content":{"rendered":"<p>Ocho artistas sonoros de Latinoam\u00e9rica colaborando de manera intensiva y explorando las fronteras de la m\u00fasica experimental. Esa es la premisa inicial de la que parte SONDA, un proyecto internacional en el que cuatro sellos y colectivos sonoros se unen para buscar nuevos cruces creativos.<\/p>\n<p>&nbsp;<\/p>\n<p>SONDA es una propuesta de creaci\u00f3n colaborativa intensiva de arte sonoro y experimental impulsada por Rayo Seco (AR) y Enjambre (AR), en colaboraci\u00f3n con TapeLoopLab (CO), Archivo Veintid\u00f3s (CL) y G.R.U.M.E.L. (AR). Este proyecto cuenta con el apoyo de Iberm\u00fasicas.<\/p>\n<p>&nbsp;<\/p>\n<p>Partiendo de un repositorio sonoro com\u00fan, cuatro sondas creativas se embarcan en un laboratorio de colaboraci\u00f3n. El repositorio contiene ondas con materiales diversos: improvisaciones, registros sonoros, voces, testimonios, soundscapes, archivos, bases, found footage, samplers&#8230; A partir de ah\u00ed, SONDA propone un viaje de exploraci\u00f3n de tres semanas de reflexi\u00f3n y co-creaci\u00f3n entre artistas, un tiempo para intervenir, modificar, reeditar, copypastear y reinventar. El formato se cierra con la participaci\u00f3n de cuatro artistas visuales de distintos puntos del continente que sumar\u00e1n sus im\u00e1genes al universo sonoro. Las cuatro sondas tienen el acompa\u00f1amiento de un sello diferente y est\u00e1n conformadas por las siguientes personas:<\/p>\n<p>&nbsp;<\/p>\n<p>Sonda 1 (acompa\u00f1ada por G.R.U.M.E.L.)<\/p>\n<p>Fede Urdinez (AR) https:\/\/soundcloud.com\/planetaurdi<\/p>\n<p>Treilemanco (CL) https:\/\/treilemanco.cl\/<\/p>\n<p>Artista visual: Anabelala (AR) <a href=\"https:\/\/www.instagram.com\/anabe_lala\/\">https:\/\/www.instagram.com\/anabe_lala\/<\/a><\/p>\n<p>&nbsp;<\/p>\n<p>Sonda 2 (acompa\u00f1ada por TapeLoopLab)<\/p>\n<p>Valo Aguilera (CO) https:\/\/soundcloud.com\/valosonoro<\/p>\n<p>Rapo (AR) https:\/\/rapofran.com.ar<\/p>\n<p>Artista visual: Malahierba (CO) <a href=\"http:\/\/h-i-e-d-r-a.com\/\">http:\/\/h-i-e-d-r-a.com\/<\/a><\/p>\n<p>&nbsp;<\/p>\n<p>Sonda 3 (acompa\u00f1ada por Archivo Veintid\u00f3s)<\/p>\n<p>Camikant (CO) https:\/\/soundcloud.com\/camilo-cantor-845972804<\/p>\n<p>Menoko (AR) https:\/\/menoko.bandcamp.com\/<\/p>\n<p>Artista visual: Michelle Guti\u00e9rrez (CL) <a href=\"https:\/\/www.instagram.com\/ichelleartt\/\">https:\/\/www.instagram.com\/ichelleartt\/<\/a><\/p>\n<p>&nbsp;<\/p>\n<p>Sonda 4 (acompa\u00f1ada por Rayo Seco)<\/p>\n<p>Murki (AR) https:\/\/soundcloud.com\/el-murki<\/p>\n<p>Francisco Moraga (CL) https:\/\/soundcloud.com\/wundervei_sounds<\/p>\n<p>Artista visual: Facundo Chiesa (AR) <a href=\"https:\/\/www.behance.net\/facundochiesa\">https:\/\/www.behance.net\/facundochiesa<\/a><\/p>\n<p>&nbsp;<\/p>\n<p>SONDA, en esta primera edici\u00f3n, quiere experimentar con nuevos formatos de intercambio, de investigaci\u00f3n y provocaci\u00f3n compartida: en un mundo que incentiva y se ahoga en la hiperproducci\u00f3n art\u00edstica\/digital y en la obsolescencia instant\u00e1nea. SONDA quiere plantear nuevas narrativas, nuevas l\u00f3gicas de colaboraci\u00f3n transversales, una construcci\u00f3n acumulativa desde materiales sonoros que se disponen para que sean repensados, intervenidos, reformulados&#8230; As\u00ed, SONDA busca amplificar la noci\u00f3n de circularidad, reciclado y compostaje en los procesos culturales y art\u00edsticos.<\/p>\n<p>&nbsp;<\/p>\n<p>Este proyecto cuenta con el apoyo de Iberm\u00fasicas mediante sus Ayudas al Sector Musical en Modalidad Virtual.<\/p>\n<p>&nbsp;<\/p>\n<p>Los materiales resultantes de esta primera edici\u00f3n, al igual que el repositorio inicial, quedar\u00e1n alojados en la web del proyecto, <a href=\"http:\/\/sonda.cc\">http:\/\/sonda.cc<\/a>.<\/p>\n<p>&nbsp;<\/p>\n<p>&nbsp;<\/p>\n<p>17 de noviembre en <a href=\"https:\/\/sonda.cc\">https:\/\/sonda.cc<\/a><\/p>\n<p>&nbsp;<\/p>\n","protected":false},"excerpt":{"rendered":"<p>Ocho artistas sonoros de Latinoam\u00e9rica colaborando de manera intensiva y explorando las fronteras de la m\u00fasica experimental. Esa es la premisa inicial de la que parte SONDA, un proyecto internacional en el que cuatro sellos y colectivos sonoros se unen para buscar nuevos cruces creativos. &nbsp; SONDA es una propuesta de creaci\u00f3n colaborativa intensiva de [&hellip;]<\/p>\n","protected":false},"author":7,"featured_media":17337,"comment_status":"closed","ping_status":"closed","sticky":false,"template":"","format":"standard","meta":{"footnotes":""},"categories":[53],"tags":[],"class_list":["post-17336","post","type-post","status-publish","format-standard","has-post-thumbnail","hentry","category-noticias-generales"],"lang":"es","translations":{"es":17336,"pt":17339},"pll_sync_post":[],"post_mailing_queue_ids":[],"_links":{"self":[{"href":"http:\/\/staging.ibermusicas.org\/index.php\/wp-json\/wp\/v2\/posts\/17336","targetHints":{"allow":["GET"]}}],"collection":[{"href":"http:\/\/staging.ibermusicas.org\/index.php\/wp-json\/wp\/v2\/posts"}],"about":[{"href":"http:\/\/staging.ibermusicas.org\/index.php\/wp-json\/wp\/v2\/types\/post"}],"author":[{"embeddable":true,"href":"http:\/\/staging.ibermusicas.org\/index.php\/wp-json\/wp\/v2\/users\/7"}],"replies":[{"embeddable":true,"href":"http:\/\/staging.ibermusicas.org\/index.php\/wp-json\/wp\/v2\/comments?post=17336"}],"version-history":[{"count":1,"href":"http:\/\/staging.ibermusicas.org\/index.php\/wp-json\/wp\/v2\/posts\/17336\/revisions"}],"predecessor-version":[{"id":17338,"href":"http:\/\/staging.ibermusicas.org\/index.php\/wp-json\/wp\/v2\/posts\/17336\/revisions\/17338"}],"wp:featuredmedia":[{"embeddable":true,"href":"http:\/\/staging.ibermusicas.org\/index.php\/wp-json\/wp\/v2\/media\/17337"}],"wp:attachment":[{"href":"http:\/\/staging.ibermusicas.org\/index.php\/wp-json\/wp\/v2\/media?parent=17336"}],"wp:term":[{"taxonomy":"category","embeddable":true,"href":"http:\/\/staging.ibermusicas.org\/index.php\/wp-json\/wp\/v2\/categories?post=17336"},{"taxonomy":"post_tag","embeddable":true,"href":"http:\/\/staging.ibermusicas.org\/index.php\/wp-json\/wp\/v2\/tags?post=17336"}],"curies":[{"name":"wp","href":"https:\/\/api.w.org\/{rel}","templated":true}]}}