{"id":17360,"date":"2023-11-27T13:08:46","date_gmt":"2023-11-27T13:08:46","guid":{"rendered":"http:\/\/staging.ibermusicas.org\/?p=17360"},"modified":"2024-02-26T17:10:44","modified_gmt":"2024-02-26T17:10:44","slug":"ibermusicas-anuncia-os-projectos-seleccionados-nas-convocatorias-de-2023-para-as-seguintes-linhas-de-ajudas","status":"publish","type":"post","link":"http:\/\/staging.ibermusicas.org\/index.php\/ibermusicas-anuncia-os-projectos-seleccionados-nas-convocatorias-de-2023-para-as-seguintes-linhas-de-ajudas\/","title":{"rendered":"Iberm\u00fasicas anuncia os projectos seleccionados nas convocat\u00f3rias de 2023 para as seguintes linhas de ajudas"},"content":{"rendered":"<p>\u00c9 com grande alegria que o Programa Iberm\u00fasicas anuncia os nomes dos projectos seleccionados para as seguintes linhas de apoio ao sector musical em 2023:<\/p>\n<p><a href=\"http:\/\/staging.ibermusicas.org\/index.php\/selecionados-2023-pt\/\" target=\"_blank\" rel=\"noopener\"><strong>\u2022 Ajudas ao sector da m\u00fasica para a circula\u00e7\u00e3o<\/strong><\/a><br \/>\n<a href=\"http:\/\/staging.ibermusicas.org\/index.php\/selecionados-2023-pt\/\" target=\"_blank\" rel=\"noopener\"><strong>\u2022 Ajudas ao sector musical para a programa\u00e7\u00e3o ibero-americana<\/strong><\/a><br \/>\n<a href=\"http:\/\/staging.ibermusicas.org\/index.php\/selecionados-2023-pt\/\" target=\"_blank\" rel=\"noopener\"><strong>\u2022 Ajudas a compositores para resid\u00eancias art\u00edsticas<\/strong><\/a><br \/>\n<a href=\"http:\/\/staging.ibermusicas.org\/index.php\/selecionados-2023-pt\/\" target=\"_blank\" rel=\"noopener\"><strong>\u2022 Ajudas para institui\u00e7\u00f5es, organiza\u00e7\u00f5es e grupos para resid\u00eancias art\u00edsticas de compositores<\/strong><\/a><br \/>\n<a href=\"http:\/\/staging.ibermusicas.org\/index.php\/selecionados-2023-pt\/\" target=\"_blank\" rel=\"noopener\"><strong>\u2022 Ajudas de especializa\u00e7\u00e3o e aperfei\u00e7oamento art\u00edstico e t\u00e9cnico no sector musical<\/strong><\/a><br \/>\n<a href=\"http:\/\/staging.ibermusicas.org\/index.php\/selecionados-2023-pt\/\" target=\"_blank\" rel=\"noopener\"><strong>\u2022 Ajudas para o sector musical em modalidade virtual<\/strong><\/a><br \/>\n<a href=\"http:\/\/staging.ibermusicas.org\/index.php\/selecionados-2023-pt\/\" target=\"_blank\" rel=\"noopener\"><strong>\u2022 Colabora\u00e7\u00e3o Iberm\u00fasicas-Mid Atlantic Arts<\/strong><\/a><\/p>\n<p>Com o an\u00fancio das propostas seleccionadas, tal como fazemos h\u00e1 11 anos, fechamos um ciclo de trabalho intenso e ininterrupto e iniciamos um novo ciclo, reafirmando o nosso compromisso de dinamizar o espa\u00e7o musical de toda a regi\u00e3o ibero-americana atrav\u00e9s de pol\u00edticas p\u00fablicas de promo\u00e7\u00e3o e apoio \u00e0 atividade profissional dos artistas musicais.<\/p>\n<p>Os projectos seleccionados foram escolhidos de entre\u00a0<strong>1402<\/strong>\u00a0propostas recebidas. A grande maioria deles envolve a coopera\u00e7\u00e3o com outros pa\u00edses da regi\u00e3o e fortalece o crescimento cont\u00ednuo de uma rede de liga\u00e7\u00f5es continentais e transatl\u00e2nticas para a promo\u00e7\u00e3o da circula\u00e7\u00e3o, cria\u00e7\u00e3o, colabora\u00e7\u00e3o, interc\u00e2mbio de conhecimentos e boas pr\u00e1ticas e, especialmente, o desenvolvimento de novos p\u00fablicos e mercados. \u00c9 uma uni\u00e3o que gera maior desenvolvimento e proje\u00e7\u00e3o para todo o sector musical ibero-americano e abre novos e cada vez mais amplos horizontes.<\/p>\n<p>Este ano incorporamos uma grande novidade: a possibilidade de apresentar propostas com destinos em qualquer parte do mundo, para al\u00e9m da regi\u00e3o ibero-americana.<\/p>\n<p>Os projetos foram escolhidos ap\u00f3s um rigoroso processo de avalia\u00e7\u00e3o, qualifica\u00e7\u00e3o e sele\u00e7\u00e3o levado a cabo por j\u00faris especialmente nomeados por cada um dos pa\u00edses que integram o Programa Iberm\u00fasicas. Os jurados desta edi\u00e7\u00e3o foram:<br \/>\npela\u00a0<strong>Argentina<\/strong>\u00a0Sofia Viola, Germ\u00e1n Andr\u00e9s, Eduardo Schmidt e Camila Warner, pelo\u00a0<strong>Brasil<\/strong>\u00a0Ana Morena, Ismael Fagundes, Luiz Flavio e Maya Suemi, pelo\u00a0<strong>Chile<\/strong>\u00a0Tulio Bagnara, Muriel Naranjo, Camila Soto P\u00e9rez e Ignacio Ossand\u00f3n, pela\u00a0<strong>Col\u00f4mbia<\/strong>\u00a0Derly Barrera, Doris Arbel\u00e1ez, Calixto Ara\u00fajo, Germ\u00e1n Posada, Eddy G\u00f3mez, Mar\u00eda Riveros e Oswaldo Le\u00f3n, pela\u00a0<strong>Costa Rica<\/strong>\u00a0Glenn Nu\u00f1ez, Karina Varela e Gabriel Go\u00f1i, pela\u00a0<strong>Cuba<\/strong>\u00a0Carole Martinez, Enid Rosales e Mabel Castillo Mompi\u00e9, pela\u00a0<strong>Espanha<\/strong>\u00a0Ana Faus, Patxi Larra\u00f1aga e Maider M\u00fagica Mancho, pelo\u00a0<strong>M\u00e9xico<\/strong>\u00a0Mar\u00eda Guadalupe Garc\u00eda Villanueva, Silvia Santa Mar\u00eda, Valeria Palomino e Rodrigo Cadet, pelo\u00a0<strong>Paraguai<\/strong>\u00a0Pablo Sim\u00f3n L\u00f3pez e Miguel D\u00edaz Antar, pelo\u00a0<strong>Panam\u00e1<\/strong>\u00a0Eliette Apolayo, Yigo Sugasti e Luis Morales, pelo\u00a0<strong>Peru<\/strong>\u00a0Rodrigo Castillo Salguero e Raquel Rodr\u00edguez Rengifo, pelo\u00a0<strong>Portugal<\/strong>\u00a0Ant\u00f3nio Tilly, Alexandra Trindade e Francisco Esteves, pelo\u00a0<strong>Uruguai<\/strong>\u00a0Facundo de Almeida, Patricia Papasso e Lucia Montero Pizzorno e pela\u00a0<strong>Venezuela<\/strong>\u00a0Jesus Milano e Julia Ojeda.<\/p>\n<p>Convidamos todo o sector musical dos nossos pa\u00edses a continuar a apresentar propostas nos nossos concursos. A enorme quantidade de projetos recebidos torna imposs\u00edvel a atribui\u00e7\u00e3o de todas as propostas, mas h\u00e1 sempre novas oportunidades a cada novo convite \u00e0 apresenta\u00e7\u00e3o de propostas.<\/p>\n","protected":false},"excerpt":{"rendered":"<p>\u00c9 com grande alegria que o Programa Iberm\u00fasicas anuncia os nomes dos projectos seleccionados para as seguintes linhas de apoio ao sector musical em 2023: \u2022 Ajudas ao sector da m\u00fasica para a circula\u00e7\u00e3o \u2022 Ajudas ao sector musical para a programa\u00e7\u00e3o ibero-americana \u2022 Ajudas a compositores para resid\u00eancias art\u00edsticas \u2022 Ajudas para institui\u00e7\u00f5es, organiza\u00e7\u00f5es [&hellip;]<\/p>\n","protected":false},"author":7,"featured_media":17362,"comment_status":"closed","ping_status":"closed","sticky":false,"template":"","format":"standard","meta":{"footnotes":""},"categories":[218],"tags":[],"class_list":["post-17360","post","type-post","status-publish","format-standard","has-post-thumbnail","hentry","category-noticias-generales-pt"],"lang":"pt","translations":{"pt":17360},"pll_sync_post":[],"post_mailing_queue_ids":[],"_links":{"self":[{"href":"http:\/\/staging.ibermusicas.org\/index.php\/wp-json\/wp\/v2\/posts\/17360","targetHints":{"allow":["GET"]}}],"collection":[{"href":"http:\/\/staging.ibermusicas.org\/index.php\/wp-json\/wp\/v2\/posts"}],"about":[{"href":"http:\/\/staging.ibermusicas.org\/index.php\/wp-json\/wp\/v2\/types\/post"}],"author":[{"embeddable":true,"href":"http:\/\/staging.ibermusicas.org\/index.php\/wp-json\/wp\/v2\/users\/7"}],"replies":[{"embeddable":true,"href":"http:\/\/staging.ibermusicas.org\/index.php\/wp-json\/wp\/v2\/comments?post=17360"}],"version-history":[{"count":1,"href":"http:\/\/staging.ibermusicas.org\/index.php\/wp-json\/wp\/v2\/posts\/17360\/revisions"}],"predecessor-version":[{"id":17361,"href":"http:\/\/staging.ibermusicas.org\/index.php\/wp-json\/wp\/v2\/posts\/17360\/revisions\/17361"}],"wp:featuredmedia":[{"embeddable":true,"href":"http:\/\/staging.ibermusicas.org\/index.php\/wp-json\/wp\/v2\/media\/17362"}],"wp:attachment":[{"href":"http:\/\/staging.ibermusicas.org\/index.php\/wp-json\/wp\/v2\/media?parent=17360"}],"wp:term":[{"taxonomy":"category","embeddable":true,"href":"http:\/\/staging.ibermusicas.org\/index.php\/wp-json\/wp\/v2\/categories?post=17360"},{"taxonomy":"post_tag","embeddable":true,"href":"http:\/\/staging.ibermusicas.org\/index.php\/wp-json\/wp\/v2\/tags?post=17360"}],"curies":[{"name":"wp","href":"https:\/\/api.w.org\/{rel}","templated":true}]}}