{"id":17363,"date":"2023-11-27T13:10:57","date_gmt":"2023-11-27T13:10:57","guid":{"rendered":"http:\/\/staging.ibermusicas.org\/?p=17363"},"modified":"2024-02-26T17:05:52","modified_gmt":"2024-02-26T17:05:52","slug":"un-jurado-integrado-por-compositoras-y-compositores-de-primer-nivel-realizo-el-proceso-de-calificacion-y-seleccion-de-las-obras-ganadoras-del-premio-ibermusicas-de-composicion-de-obra-sinfonica-2","status":"publish","type":"post","link":"http:\/\/staging.ibermusicas.org\/index.php\/un-jurado-integrado-por-compositoras-y-compositores-de-primer-nivel-realizo-el-proceso-de-calificacion-y-seleccion-de-las-obras-ganadoras-del-premio-ibermusicas-de-composicion-de-obra-sinfonica-2\/","title":{"rendered":"Un jurado integrado por compositoras y compositores de primer nivel realiz\u00f3 el proceso de calificaci\u00f3n y selecci\u00f3n de las obras ganadoras del \u00abPremio Iberm\u00fasicas de composici\u00f3n de Obra Sinf\u00f3nica \u00bb 2023"},"content":{"rendered":"<p>Con el objetivo de fomentar la creaci\u00f3n de nuevas obras y de llevar esas m\u00fasicas a las salas de concierto posibilitando su estreno, Iberm\u00fasicas dise\u00f1\u00f3 este concurso en el cual han sido premiadas obras de gran valor art\u00edstico.<\/p>\n<p>La premiaci\u00f3n incluye, adem\u00e1s de un reconocimiento monetario a cada creador o creadora, el estreno de las obras ganadoras interpretadas por la Orquesta Sinf\u00f3nica Nacional de Cuba y la Orquesta Filarm\u00f3nica Nacional de Venezuela.<\/p>\n<p>El jurado integrado por Wilma Alba Cal de Cuba, Rub\u00e9n Capriles de Venezuela y Cergio Prudencio de Bolivia, trabaj\u00f3 intensamente en la elecci\u00f3n de las obras ganadoras, de entre las 169 postuladas a concurso, destacando el alt\u00edsimo nivel art\u00edstico de gran parte de ellas y el gran desaf\u00edo orquestal que muchas de ellas proponen.<\/p>\n<p>Con orgullo y alegr\u00eda Iberm\u00fasicas invita a conocer los nombres de las compositoras ganadoras y de los compositores ganadores de este concurso\u00a0<a href=\"http:\/\/staging.ibermusicas.org\/index.php\/seleccionados-2023\/\" target=\"_blank\" rel=\"noopener\"><strong>aqu\u00ed.<\/strong><\/a><\/p>\n<p><em>\u201cEl estreno de las piezas permitir\u00e1 un acercamiento necesario al lenguaje compositivo de los creadores de hoy. La difusi\u00f3n de estas obras contribuye a impulsar el crecimiento y enriquecimiento del repertorio sinf\u00f3nico en la regi\u00f3n\u201d. (Wilma Alba Cal)<\/em><\/p>\n<p><em>\u201cHa sido una experiencia maravillosa poder ser parte parte de este distinguido jurado y constatar adem\u00e1s el extraordinario talento y trabajo dedicado de la gran mayor\u00eda de las obras que se presentaron al concurso\u201d. (Rub\u00e9n Capriles)<\/em><\/p>\n<p><em>\u201cPienso que el repertorio seleccionado por una parte, cumple con el factor \u00abejecutabilidad\u00bb, es decir, son obras tocables; pero al mismo tiempo demandan dedicaci\u00f3n especial a las orquestas, ya sea por innovaciones de sonoridad, o por exigencias de montaje, o por requerimientos interpretativos. De esta manera, creaci\u00f3n e interpretaci\u00f3n se potenciar\u00e1n en favor de nuestro desarrollo musical\u201d. (Cergio Prudencio)<\/em><\/p>\n","protected":false},"excerpt":{"rendered":"<p>Con el objetivo de fomentar la creaci\u00f3n de nuevas obras y de llevar esas m\u00fasicas a las salas de concierto posibilitando su estreno, Iberm\u00fasicas dise\u00f1\u00f3 este concurso en el cual han sido premiadas obras de gran valor art\u00edstico. La premiaci\u00f3n incluye, adem\u00e1s de un reconocimiento monetario a cada creador o creadora, el estreno de las [&hellip;]<\/p>\n","protected":false},"author":7,"featured_media":17364,"comment_status":"closed","ping_status":"closed","sticky":false,"template":"","format":"standard","meta":{"footnotes":""},"categories":[53],"tags":[],"class_list":["post-17363","post","type-post","status-publish","format-standard","has-post-thumbnail","hentry","category-noticias-generales"],"lang":"es","translations":{"es":17363},"pll_sync_post":[],"post_mailing_queue_ids":[],"_links":{"self":[{"href":"http:\/\/staging.ibermusicas.org\/index.php\/wp-json\/wp\/v2\/posts\/17363","targetHints":{"allow":["GET"]}}],"collection":[{"href":"http:\/\/staging.ibermusicas.org\/index.php\/wp-json\/wp\/v2\/posts"}],"about":[{"href":"http:\/\/staging.ibermusicas.org\/index.php\/wp-json\/wp\/v2\/types\/post"}],"author":[{"embeddable":true,"href":"http:\/\/staging.ibermusicas.org\/index.php\/wp-json\/wp\/v2\/users\/7"}],"replies":[{"embeddable":true,"href":"http:\/\/staging.ibermusicas.org\/index.php\/wp-json\/wp\/v2\/comments?post=17363"}],"version-history":[{"count":1,"href":"http:\/\/staging.ibermusicas.org\/index.php\/wp-json\/wp\/v2\/posts\/17363\/revisions"}],"predecessor-version":[{"id":17365,"href":"http:\/\/staging.ibermusicas.org\/index.php\/wp-json\/wp\/v2\/posts\/17363\/revisions\/17365"}],"wp:featuredmedia":[{"embeddable":true,"href":"http:\/\/staging.ibermusicas.org\/index.php\/wp-json\/wp\/v2\/media\/17364"}],"wp:attachment":[{"href":"http:\/\/staging.ibermusicas.org\/index.php\/wp-json\/wp\/v2\/media?parent=17363"}],"wp:term":[{"taxonomy":"category","embeddable":true,"href":"http:\/\/staging.ibermusicas.org\/index.php\/wp-json\/wp\/v2\/categories?post=17363"},{"taxonomy":"post_tag","embeddable":true,"href":"http:\/\/staging.ibermusicas.org\/index.php\/wp-json\/wp\/v2\/tags?post=17363"}],"curies":[{"name":"wp","href":"https:\/\/api.w.org\/{rel}","templated":true}]}}