{"id":17366,"date":"2023-11-27T13:14:05","date_gmt":"2023-11-27T13:14:05","guid":{"rendered":"http:\/\/staging.ibermusicas.org\/?p=17366"},"modified":"2024-02-26T17:10:35","modified_gmt":"2024-02-26T17:10:35","slug":"um-juri-constituido-por-compositores-de-renome-levou-a-cabo-o-processo-de-qualificacao-e-selecao-das-obras-vencedoras-do-premio-ibermusicas-para-a-composicao-de-obra-sinfonica-2023","status":"publish","type":"post","link":"http:\/\/staging.ibermusicas.org\/index.php\/um-juri-constituido-por-compositores-de-renome-levou-a-cabo-o-processo-de-qualificacao-e-selecao-das-obras-vencedoras-do-premio-ibermusicas-para-a-composicao-de-obra-sinfonica-2023\/","title":{"rendered":"Um j\u00fari constitu\u00eddo por compositores de renome levou a cabo o processo de qualifica\u00e7\u00e3o e sele\u00e7\u00e3o das obras vencedoras do \u00abPr\u00e9mio Iberm\u00fasicas para a composi\u00e7\u00e3o de Obra Sinf\u00f3nica\u00bb 2023"},"content":{"rendered":"<p>O Programa Iberm\u00fasicas concebeu este concurso com o objetivo de incentivar a cria\u00e7\u00e3o de novas obras e de as levar \u00e0s salas de concerto, possibilitando a sua estreia. Neste concurso foram premiadas obras de grande valor art\u00edstico.<\/p>\n<p>Para al\u00e9m do reconhecimento monet\u00e1rio para cada creadora ou criador, o pr\u00e9mio inclui a estreia das obras vencedoras interpretadas pela Orquestra Sinf\u00f3nica Nacional de Cuba e pela Orquestra Filarm\u00f4nica Nacional da Venezuela.<\/p>\n<p>O j\u00fari integrado por Wilma Alba Cal de Cuba, Rub\u00e9n Capriles da Venezuela e Cergio Prudencio da Bol\u00edvia, trabalhou intensamente na sele\u00e7\u00e3o das obras vencedoras, entre as 169 apresentadas a concurso, destacando o elevado n\u00edvel art\u00edstico da maioria delas e o grande desafio orquestral que muitas delas prop\u00f5em.<\/p>\n<p>Com orgulho e alegria o Programa Iberm\u00fasicas convida-os a conhecer os nomes dos compositores vencedores e das compositoras vencedoras deste concurso\u00a0<a href=\"http:\/\/staging.ibermusicas.org\/index.php\/selecionados-2023-pt\/\" target=\"_blank\" rel=\"noopener\"><strong>aqu\u00ed.<\/strong><\/a><\/p>\n<p><em>\u201cA estreia das pe\u00e7as permitir\u00e1 uma aproxima\u00e7\u00e3o necess\u00e1ria \u00e0 linguagem composicional dos criadores atuais. A divulga\u00e7\u00e3o destas obras contribui para o crescimento e enriquecimento do repert\u00f3rio sinf\u00f3nico na regi\u00e3o\u00bb. (Wilma Alba Cal)<\/em><\/p>\n<p><em>\u201cFoi uma experi\u00eancia maravilhosa fazer parte deste not\u00e1vel j\u00fari e tamb\u00e9m ver o extraordin\u00e1rio talento e o trabalho dedicado da grande maioria das obras que foram apresentadas ao concurso\u00bb. (Rub\u00e9n Capriles)<\/em><\/p>\n<p><em>\u201cPenso que o repert\u00f3rio selecionado, por um lado, cumpre o fator \u00abtocabilidade\u00bb, ou seja, s\u00e3o obras que podem ser realizadas, mas ao mesmo tempo exigem uma dedica\u00e7\u00e3o especial das orquestras, quer por inova\u00e7\u00f5es de sonoridade, quer por exig\u00eancias de encena\u00e7\u00e3o, quer por exig\u00eancias interpretativas. Dessa forma, cria\u00e7\u00e3o e execu\u00e7\u00e3o se fortalecer\u00e3o em prol do nosso desenvolvimento musical\u00bb. (Cergio Prudencio)<\/em><\/p>\n","protected":false},"excerpt":{"rendered":"<p>O Programa Iberm\u00fasicas concebeu este concurso com o objetivo de incentivar a cria\u00e7\u00e3o de novas obras e de as levar \u00e0s salas de concerto, possibilitando a sua estreia. Neste concurso foram premiadas obras de grande valor art\u00edstico. Para al\u00e9m do reconhecimento monet\u00e1rio para cada creadora ou criador, o pr\u00e9mio inclui a estreia das obras vencedoras [&hellip;]<\/p>\n","protected":false},"author":7,"featured_media":17367,"comment_status":"closed","ping_status":"closed","sticky":false,"template":"","format":"standard","meta":{"footnotes":""},"categories":[218],"tags":[],"class_list":["post-17366","post","type-post","status-publish","format-standard","has-post-thumbnail","hentry","category-noticias-generales-pt"],"lang":"pt","translations":{"pt":17366},"pll_sync_post":[],"post_mailing_queue_ids":[],"_links":{"self":[{"href":"http:\/\/staging.ibermusicas.org\/index.php\/wp-json\/wp\/v2\/posts\/17366","targetHints":{"allow":["GET"]}}],"collection":[{"href":"http:\/\/staging.ibermusicas.org\/index.php\/wp-json\/wp\/v2\/posts"}],"about":[{"href":"http:\/\/staging.ibermusicas.org\/index.php\/wp-json\/wp\/v2\/types\/post"}],"author":[{"embeddable":true,"href":"http:\/\/staging.ibermusicas.org\/index.php\/wp-json\/wp\/v2\/users\/7"}],"replies":[{"embeddable":true,"href":"http:\/\/staging.ibermusicas.org\/index.php\/wp-json\/wp\/v2\/comments?post=17366"}],"version-history":[{"count":1,"href":"http:\/\/staging.ibermusicas.org\/index.php\/wp-json\/wp\/v2\/posts\/17366\/revisions"}],"predecessor-version":[{"id":17368,"href":"http:\/\/staging.ibermusicas.org\/index.php\/wp-json\/wp\/v2\/posts\/17366\/revisions\/17368"}],"wp:featuredmedia":[{"embeddable":true,"href":"http:\/\/staging.ibermusicas.org\/index.php\/wp-json\/wp\/v2\/media\/17367"}],"wp:attachment":[{"href":"http:\/\/staging.ibermusicas.org\/index.php\/wp-json\/wp\/v2\/media?parent=17366"}],"wp:term":[{"taxonomy":"category","embeddable":true,"href":"http:\/\/staging.ibermusicas.org\/index.php\/wp-json\/wp\/v2\/categories?post=17366"},{"taxonomy":"post_tag","embeddable":true,"href":"http:\/\/staging.ibermusicas.org\/index.php\/wp-json\/wp\/v2\/tags?post=17366"}],"curies":[{"name":"wp","href":"https:\/\/api.w.org\/{rel}","templated":true}]}}