{"id":17372,"date":"2023-11-27T13:17:25","date_gmt":"2023-11-27T13:17:25","guid":{"rendered":"http:\/\/staging.ibermusicas.org\/?p=17372"},"modified":"2024-02-26T17:10:26","modified_gmt":"2024-02-26T17:10:26","slug":"o-programa-ibermusicas-anuncia-os-nomes-das-vencedoras-e-dos-vencedores-do-x-premio-ibermusicas-de-criacao-da-cancao-2023","status":"publish","type":"post","link":"http:\/\/staging.ibermusicas.org\/index.php\/o-programa-ibermusicas-anuncia-os-nomes-das-vencedoras-e-dos-vencedores-do-x-premio-ibermusicas-de-criacao-da-cancao-2023\/","title":{"rendered":"O Programa Iberm\u00fasicas anuncia os nomes das vencedoras e dos vencedores do X Pr\u00eamio Iberm\u00fasicas de Cria\u00e7\u00e3o da Can\u00e7\u00e3o 2023"},"content":{"rendered":"<p>Mais uma vez, a deslumbrante diversidade criativa da Ibero-Am\u00e9rica reflecte-se nesta nova edi\u00e7\u00e3o do nosso concurso para o qual foram recebidas\u00a0<strong>158<\/strong>\u00a0candidaturas.<\/p>\n<p>Nesta ocasi\u00e3o, o Programa Iberm\u00fasicas tem o grande prazer de voltar a premiar as can\u00e7\u00f5es que foram apresentadas sob a modalidade de \u00abpar criativo inter-ibero-americano\u00bb. Cada candidato criou uma obra em colabora\u00e7\u00e3o com outro artista musical de outro pa\u00eds ibero-americano. Os que fazemos Iberm\u00fasicas orgulhamo-nos de fomentar a cria\u00e7\u00e3o de novas can\u00e7\u00f5es entre artistas das nossas na\u00e7\u00f5es, tornando poss\u00edvel a manifesta\u00e7\u00e3o de diversos olhares, l\u00ednguas, sons, experi\u00eancias, buscas e cores da nossa imensa Ibero-Am\u00e9rica.<\/p>\n<p>Os jurados desta edi\u00e7\u00e3o do Pr\u00e9mio de Cria\u00e7\u00e3o da Can\u00e7\u00e3o foram: para a\u00a0<strong>Argentina<\/strong>, Sof\u00eda Viola e Eduardo Schmidt; para o\u00a0<strong>Brasil<\/strong>, Ana Morena, Ismael Fagundes, Luiz Flavio e Maya Suemi; para o\u00a0<strong>Chile<\/strong>, Ginette Acevedo, Ren\u00e9 Calder\u00f3n e Javiera Bobadilla,\u00a0<strong>Col\u00f4mbia<\/strong>\u00a0Derly Jenith Barrera Acevedo, Doris Arbel\u00e1ez Doncel, Calixto Ra\u00fal Ara\u00fajo Monroy e Germ\u00e1n Albeiro Posada Estrada, para a\u00a0<strong>Costa Rica<\/strong>\u00a0Glenn Nu\u00f1ez, Karina Varela e Gabriel Go\u00f1i, para o\u00a0<strong>M\u00e9xico<\/strong>\u00a0Gabino Palomare, Argelia Fragoso e Elo\u00edsa G\u00f3mez Vital, para o\u00a0<strong>Paraguai<\/strong>\u00a0Pablo Sim\u00f3n L\u00f3pez e Miguel D\u00edaz Antar, para o\u00a0<strong>Panam\u00e1<\/strong>\u00a0Eliette Apolayo, Yigo Sugasti e Luis Morales, para o\u00a0<strong>Peru<\/strong>\u00a0Rodrigo Castillo Salguero e Raquel Ofelia Rodr\u00edguez Rengifo, para\u00a0<strong>Portugal<\/strong>\u00a0Ant\u00f3nio Tilly, Alexandra Trindade e Francisco Esteves, e para a\u00a0<strong>Venezuela<\/strong>\u00a0Jes\u00fas Milano e Julia Ojeda.<\/p>\n<p>Descubra as can\u00e7\u00f5es vencedoras clicando\u00a0<a href=\"http:\/\/staging.ibermusicas.org\/index.php\/selecionados-2023-pt\/\" target=\"_blank\" rel=\"noopener\"><strong>aqu\u00ed.<\/strong><\/a><\/p>\n","protected":false},"excerpt":{"rendered":"<p>Mais uma vez, a deslumbrante diversidade criativa da Ibero-Am\u00e9rica reflecte-se nesta nova edi\u00e7\u00e3o do nosso concurso para o qual foram recebidas\u00a0158\u00a0candidaturas. Nesta ocasi\u00e3o, o Programa Iberm\u00fasicas tem o grande prazer de voltar a premiar as can\u00e7\u00f5es que foram apresentadas sob a modalidade de \u00abpar criativo inter-ibero-americano\u00bb. Cada candidato criou uma obra em colabora\u00e7\u00e3o com outro [&hellip;]<\/p>\n","protected":false},"author":7,"featured_media":17373,"comment_status":"closed","ping_status":"closed","sticky":false,"template":"","format":"standard","meta":{"footnotes":""},"categories":[218],"tags":[],"class_list":["post-17372","post","type-post","status-publish","format-standard","has-post-thumbnail","hentry","category-noticias-generales-pt"],"lang":"pt","translations":{"pt":17372},"pll_sync_post":[],"post_mailing_queue_ids":[],"_links":{"self":[{"href":"http:\/\/staging.ibermusicas.org\/index.php\/wp-json\/wp\/v2\/posts\/17372","targetHints":{"allow":["GET"]}}],"collection":[{"href":"http:\/\/staging.ibermusicas.org\/index.php\/wp-json\/wp\/v2\/posts"}],"about":[{"href":"http:\/\/staging.ibermusicas.org\/index.php\/wp-json\/wp\/v2\/types\/post"}],"author":[{"embeddable":true,"href":"http:\/\/staging.ibermusicas.org\/index.php\/wp-json\/wp\/v2\/users\/7"}],"replies":[{"embeddable":true,"href":"http:\/\/staging.ibermusicas.org\/index.php\/wp-json\/wp\/v2\/comments?post=17372"}],"version-history":[{"count":1,"href":"http:\/\/staging.ibermusicas.org\/index.php\/wp-json\/wp\/v2\/posts\/17372\/revisions"}],"predecessor-version":[{"id":17374,"href":"http:\/\/staging.ibermusicas.org\/index.php\/wp-json\/wp\/v2\/posts\/17372\/revisions\/17374"}],"wp:featuredmedia":[{"embeddable":true,"href":"http:\/\/staging.ibermusicas.org\/index.php\/wp-json\/wp\/v2\/media\/17373"}],"wp:attachment":[{"href":"http:\/\/staging.ibermusicas.org\/index.php\/wp-json\/wp\/v2\/media?parent=17372"}],"wp:term":[{"taxonomy":"category","embeddable":true,"href":"http:\/\/staging.ibermusicas.org\/index.php\/wp-json\/wp\/v2\/categories?post=17372"},{"taxonomy":"post_tag","embeddable":true,"href":"http:\/\/staging.ibermusicas.org\/index.php\/wp-json\/wp\/v2\/tags?post=17372"}],"curies":[{"name":"wp","href":"https:\/\/api.w.org\/{rel}","templated":true}]}}