{"id":17375,"date":"2023-11-27T13:18:36","date_gmt":"2023-11-27T13:18:36","guid":{"rendered":"http:\/\/staging.ibermusicas.org\/?p=17375"},"modified":"2024-02-02T12:52:36","modified_gmt":"2024-02-02T12:52:36","slug":"se-anuncian-las-propuestas-ganadoras-del-premio-especial-brasil-ibermusicas-2023","status":"publish","type":"post","link":"http:\/\/staging.ibermusicas.org\/index.php\/se-anuncian-las-propuestas-ganadoras-del-premio-especial-brasil-ibermusicas-2023\/","title":{"rendered":"Se anuncian las propuestas ganadoras del Premio Especial Brasil Iberm\u00fasicas 2023"},"content":{"rendered":"<p>Por segundo a\u00f1o consecutivo, la representaci\u00f3n de Brasil en Iberm\u00fasicas se ha propuesto reconocer el m\u00e9rito de iniciativas o espacios que se vienen dedicando, a lo largo de los a\u00f1os, a la difusi\u00f3n de la m\u00fasica brasile\u00f1a en la regi\u00f3n iberoamericana.<\/p>\n<p>De entre las\u00a0<strong>57<\/strong>\u00a0propuestas presentadas desde todas partes del mundo, el jurado integrado por Rosana Lemos, Hudson Lima y Gian Fabra, ha elegido a las siguientes como ganadoras:<\/p>\n<p>Categor\u00eda A &#8211; Festivales de m\u00fasica: festivales, muestras y ciclos dedicados exclusivamente a la difusi\u00f3n de la m\u00fasica brasile\u00f1a o que reserven un espacio significativo para la m\u00fasica brasile\u00f1a en sus programaciones.<\/p>\n<p>\u25cf Soma Cultura Asociaci\u00f3n (Espa\u00f1a)<br \/>\n\u25cf Roda Libre (Per\u00fa)<\/p>\n<p>Categor\u00eda B &#8211; Casas: casas de espect\u00e1culo, salas de conciertos, teatros, escenarios, \u00abmusic Venues\u00bb y centros culturales que realicen, de forma regular, shows, conciertos, talleres y actividades de difusi\u00f3n de la m\u00fasica brasile\u00f1a.<\/p>\n<p>\u25cf Bar Bart\u00f4 (Portugal)<br \/>\n\u25cf El Casar\u00e3ozinho (Uruguay)<br \/>\n\u25cf Fundaci\u00f3n Cultural Cayena (Colombia)<br \/>\n\u25cf GEMAA Grupo de Estudios en M\u00fasicas y Artes Afrobrasile\u00f1as en Buenos Aires (Argentina)<\/p>\n<p>Las propuestas fueron seleccionadas de acuerdo al m\u00e9rito del emprendimiento, el alcance de los logros, los resultados obtenidos y la continuidad.<\/p>\n<p>Uno de los objetivos de este concurso es el de realizar un mapeo de las diversas iniciativas que trabajan en torno a las m\u00fasicas brasile\u00f1as y a su difusi\u00f3n e investigaci\u00f3n en el territorio iberoamericano, m\u00e1s all\u00e1 de las fronteras de Brasil.<\/p>\n","protected":false},"excerpt":{"rendered":"<p>Por segundo a\u00f1o consecutivo, la representaci\u00f3n de Brasil en Iberm\u00fasicas se ha propuesto reconocer el m\u00e9rito de iniciativas o espacios que se vienen dedicando, a lo largo de los a\u00f1os, a la difusi\u00f3n de la m\u00fasica brasile\u00f1a en la regi\u00f3n iberoamericana. De entre las\u00a057\u00a0propuestas presentadas desde todas partes del mundo, el jurado integrado por Rosana [&hellip;]<\/p>\n","protected":false},"author":7,"featured_media":17376,"comment_status":"closed","ping_status":"closed","sticky":false,"template":"","format":"standard","meta":{"footnotes":""},"categories":[53],"tags":[],"class_list":["post-17375","post","type-post","status-publish","format-standard","has-post-thumbnail","hentry","category-noticias-generales"],"lang":"es","translations":{"es":17375},"pll_sync_post":[],"post_mailing_queue_ids":[],"_links":{"self":[{"href":"http:\/\/staging.ibermusicas.org\/index.php\/wp-json\/wp\/v2\/posts\/17375","targetHints":{"allow":["GET"]}}],"collection":[{"href":"http:\/\/staging.ibermusicas.org\/index.php\/wp-json\/wp\/v2\/posts"}],"about":[{"href":"http:\/\/staging.ibermusicas.org\/index.php\/wp-json\/wp\/v2\/types\/post"}],"author":[{"embeddable":true,"href":"http:\/\/staging.ibermusicas.org\/index.php\/wp-json\/wp\/v2\/users\/7"}],"replies":[{"embeddable":true,"href":"http:\/\/staging.ibermusicas.org\/index.php\/wp-json\/wp\/v2\/comments?post=17375"}],"version-history":[{"count":1,"href":"http:\/\/staging.ibermusicas.org\/index.php\/wp-json\/wp\/v2\/posts\/17375\/revisions"}],"predecessor-version":[{"id":17377,"href":"http:\/\/staging.ibermusicas.org\/index.php\/wp-json\/wp\/v2\/posts\/17375\/revisions\/17377"}],"wp:featuredmedia":[{"embeddable":true,"href":"http:\/\/staging.ibermusicas.org\/index.php\/wp-json\/wp\/v2\/media\/17376"}],"wp:attachment":[{"href":"http:\/\/staging.ibermusicas.org\/index.php\/wp-json\/wp\/v2\/media?parent=17375"}],"wp:term":[{"taxonomy":"category","embeddable":true,"href":"http:\/\/staging.ibermusicas.org\/index.php\/wp-json\/wp\/v2\/categories?post=17375"},{"taxonomy":"post_tag","embeddable":true,"href":"http:\/\/staging.ibermusicas.org\/index.php\/wp-json\/wp\/v2\/tags?post=17375"}],"curies":[{"name":"wp","href":"https:\/\/api.w.org\/{rel}","templated":true}]}}