{"id":17378,"date":"2023-11-27T13:20:03","date_gmt":"2023-11-27T13:20:03","guid":{"rendered":"http:\/\/staging.ibermusicas.org\/?p=17378"},"modified":"2024-02-28T13:19:29","modified_gmt":"2024-02-28T13:19:29","slug":"anunciamos-as-propostas-vencedoras-do-premio-especial-brasil-ibermusicas-2023","status":"publish","type":"post","link":"http:\/\/staging.ibermusicas.org\/index.php\/anunciamos-as-propostas-vencedoras-do-premio-especial-brasil-ibermusicas-2023\/","title":{"rendered":"Anunciamos as propostas vencedoras do Pr\u00e9mio Especial Brasil Iberm\u00fasicas 2023"},"content":{"rendered":"<p>Pelo segundo ano consecutivo, a representa\u00e7\u00e3o brasileira no Iberm\u00fasicas prop\u00f4s-se reconhecer o m\u00e9rito de iniciativas ou espa\u00e7os que se t\u00eam dedicado, ao longo dos anos, \u00e0 divulga\u00e7\u00e3o da m\u00fasica brasileira na regi\u00e3o ibero-americana.<\/p>\n<p>De entre as\u00a0<strong>57<\/strong>\u00a0propostas apresentadas de todo o mundo, o j\u00fari, composto por Rosana Lemos, Hudson Lima e Gian Fabra, escolheu como vencedores os seguintes:<\/p>\n<p>Categoria A &#8211; Festivais de m\u00fasica: festivais, mostras e ciclos dedicados exclusivamente \u00e0 divulga\u00e7\u00e3o da m\u00fasica brasileira ou que reservem um espa\u00e7o significativo para a m\u00fasica brasileira em sua programa\u00e7\u00e3o.<\/p>\n<p>\u25cf Soma Cultura Asociaci\u00f3n (Espanha)<br \/>\n\u25cf Roda Libre (Peru)<\/p>\n<p>Categoria B &#8211; Casas: casas de espet\u00e1culos, salas de concerto, teatros, palcos, espa\u00e7os musicais e centros culturais que realizam, com regularidade, espet\u00e1culos, concertos, oficinas e atividades de divulga\u00e7\u00e3o da m\u00fasica brasileira.<\/p>\n<p>\u25cf Bar Bart\u00f4 (Portugal)<br \/>\n\u25cf El Casar\u00e3ozinho (Uruguai)<br \/>\n\u25cf Fundaci\u00f3n Cultural Cayena (Col\u00f4mbia)<br \/>\n\u25cf GEMAA Grupo de Estudios en M\u00fasicas y Artes Afrobrasile\u00f1as en Buenos Aires (Argentina)<\/p>\n<p>As propostas foram selecionadas de acordo com o m\u00e9rito do empreendimento, o alcance das realiza\u00e7\u00f5es, os resultados obtidos e a continuidade.<\/p>\n<p>Um dos objectivos deste concurso \u00e9 mapear as diversas iniciativas que trabalham a m\u00fasica brasileira e a sua divulga\u00e7\u00e3o e investiga\u00e7\u00e3o no territ\u00f3rio ibero-americano, para al\u00e9m das fronteiras do Brasil.<\/p>\n","protected":false},"excerpt":{"rendered":"<p>Pelo segundo ano consecutivo, a representa\u00e7\u00e3o brasileira no Iberm\u00fasicas prop\u00f4s-se reconhecer o m\u00e9rito de iniciativas ou espa\u00e7os que se t\u00eam dedicado, ao longo dos anos, \u00e0 divulga\u00e7\u00e3o da m\u00fasica brasileira na regi\u00e3o ibero-americana. De entre as\u00a057\u00a0propostas apresentadas de todo o mundo, o j\u00fari, composto por Rosana Lemos, Hudson Lima e Gian Fabra, escolheu como vencedores [&hellip;]<\/p>\n","protected":false},"author":7,"featured_media":17379,"comment_status":"closed","ping_status":"closed","sticky":false,"template":"","format":"standard","meta":{"footnotes":""},"categories":[218],"tags":[],"class_list":["post-17378","post","type-post","status-publish","format-standard","has-post-thumbnail","hentry","category-noticias-generales-pt"],"lang":"pt","translations":{"pt":17378},"pll_sync_post":[],"post_mailing_queue_ids":[],"_links":{"self":[{"href":"http:\/\/staging.ibermusicas.org\/index.php\/wp-json\/wp\/v2\/posts\/17378","targetHints":{"allow":["GET"]}}],"collection":[{"href":"http:\/\/staging.ibermusicas.org\/index.php\/wp-json\/wp\/v2\/posts"}],"about":[{"href":"http:\/\/staging.ibermusicas.org\/index.php\/wp-json\/wp\/v2\/types\/post"}],"author":[{"embeddable":true,"href":"http:\/\/staging.ibermusicas.org\/index.php\/wp-json\/wp\/v2\/users\/7"}],"replies":[{"embeddable":true,"href":"http:\/\/staging.ibermusicas.org\/index.php\/wp-json\/wp\/v2\/comments?post=17378"}],"version-history":[{"count":1,"href":"http:\/\/staging.ibermusicas.org\/index.php\/wp-json\/wp\/v2\/posts\/17378\/revisions"}],"predecessor-version":[{"id":17380,"href":"http:\/\/staging.ibermusicas.org\/index.php\/wp-json\/wp\/v2\/posts\/17378\/revisions\/17380"}],"wp:featuredmedia":[{"embeddable":true,"href":"http:\/\/staging.ibermusicas.org\/index.php\/wp-json\/wp\/v2\/media\/17379"}],"wp:attachment":[{"href":"http:\/\/staging.ibermusicas.org\/index.php\/wp-json\/wp\/v2\/media?parent=17378"}],"wp:term":[{"taxonomy":"category","embeddable":true,"href":"http:\/\/staging.ibermusicas.org\/index.php\/wp-json\/wp\/v2\/categories?post=17378"},{"taxonomy":"post_tag","embeddable":true,"href":"http:\/\/staging.ibermusicas.org\/index.php\/wp-json\/wp\/v2\/tags?post=17378"}],"curies":[{"name":"wp","href":"https:\/\/api.w.org\/{rel}","templated":true}]}}