{"id":17403,"date":"2023-11-29T21:50:58","date_gmt":"2023-11-29T21:50:58","guid":{"rendered":"http:\/\/staging.ibermusicas.org\/?p=17403"},"modified":"2024-01-15T14:17:40","modified_gmt":"2024-01-15T14:17:40","slug":"ambiente-criollo-la-agrupacion-peruana-integrada-por-mujeres-rinde-homenaje-a-las-compositoras-peruanas","status":"publish","type":"post","link":"http:\/\/staging.ibermusicas.org\/index.php\/ambiente-criollo-la-agrupacion-peruana-integrada-por-mujeres-rinde-homenaje-a-las-compositoras-peruanas\/","title":{"rendered":"Ambiente Criollo, la agrupaci\u00f3n peruana integrada por mujeres, rinde homenaje a las compositoras peruanas"},"content":{"rendered":"<p>Ambiente Criollo lleva m\u00e1s de 15 a\u00f1os trabajando en la difusi\u00f3n y creaci\u00f3n de m\u00fasica criolla en la escena musical peruana. Tiene una gran trayectoria musical y son poseedoras de un repertorio de m\u00fasica tradicional que incluye valses, festejos, zamacuecas, tonderos, marineras entre otros, con su sello caracter\u00edstico: A ritmo de mujer, \u00a1y punto!<\/p>\n<p>&nbsp;<\/p>\n<p>Tienen como objetivo revalorar la funci\u00f3n de la mujer dentro del arte y demostrar que las mujeres tambi\u00e9n pueden desempe\u00f1arse en otros \u00e1mbitos musicales, como son el manejo de instrumentos, baile, arreglos y composiciones.<\/p>\n<p>&nbsp;<\/p>\n<p>\u201cHerencias: Mujeres Compositoras en la Historia de la M\u00fasica Criolla\u201d es el primer disco de la agrupaci\u00f3n, una recopilaci\u00f3n de 12 temas de grandes maestras compositoras como lo son; Rosa Mercedes Ayarza, Serafina Quinteras, Anna Renner, Leonor Garc\u00eda, Teresita Vel\u00e1squez, Chabuca Granda,Victoria Santa Cruz, Mar\u00eda Luisa Rivera, Lucy de Mantilla, Lourdes Carhuas y Olga Milla, m\u00e1s dos canciones que son composiciones propias de Ambiente Criollo.<\/p>\n<p>&nbsp;<\/p>\n<p>Presentaron esta primera producci\u00f3n discogr\u00e1fica en el auditorio del teatro Brit\u00e1nico con un espect\u00e1culo de m\u00fasica y danza, en el cual se destac\u00f3 y reconoci\u00f3 el aporte musical de grandes compositoras e int\u00e9rpretes dentro de la m\u00fasica criolla, siendo inspiraci\u00f3n para la agrupaci\u00f3n.<\/p>\n<p>&nbsp;<\/p>\n<p>Este proyecto fue ganador de Iberm\u00fasicas 2021 y de los Est\u00edmulos Econ\u00f3micos para la cultura 2022<\/p>\n<p>&nbsp;<\/p>\n<p>Disponible en todas las plataformas<\/p>\n","protected":false},"excerpt":{"rendered":"<p>Ambiente Criollo lleva m\u00e1s de 15 a\u00f1os trabajando en la difusi\u00f3n y creaci\u00f3n de m\u00fasica criolla en la escena musical peruana. Tiene una gran trayectoria musical y son poseedoras de un repertorio de m\u00fasica tradicional que incluye valses, festejos, zamacuecas, tonderos, marineras entre otros, con su sello caracter\u00edstico: A ritmo de mujer, \u00a1y punto! &nbsp; [&hellip;]<\/p>\n","protected":false},"author":7,"featured_media":17708,"comment_status":"closed","ping_status":"closed","sticky":false,"template":"","format":"standard","meta":{"footnotes":""},"categories":[53],"tags":[],"class_list":["post-17403","post","type-post","status-publish","format-standard","has-post-thumbnail","hentry","category-noticias-generales"],"lang":"es","translations":{"es":17403},"pll_sync_post":[],"post_mailing_queue_ids":[],"_links":{"self":[{"href":"http:\/\/staging.ibermusicas.org\/index.php\/wp-json\/wp\/v2\/posts\/17403","targetHints":{"allow":["GET"]}}],"collection":[{"href":"http:\/\/staging.ibermusicas.org\/index.php\/wp-json\/wp\/v2\/posts"}],"about":[{"href":"http:\/\/staging.ibermusicas.org\/index.php\/wp-json\/wp\/v2\/types\/post"}],"author":[{"embeddable":true,"href":"http:\/\/staging.ibermusicas.org\/index.php\/wp-json\/wp\/v2\/users\/7"}],"replies":[{"embeddable":true,"href":"http:\/\/staging.ibermusicas.org\/index.php\/wp-json\/wp\/v2\/comments?post=17403"}],"version-history":[{"count":1,"href":"http:\/\/staging.ibermusicas.org\/index.php\/wp-json\/wp\/v2\/posts\/17403\/revisions"}],"predecessor-version":[{"id":17405,"href":"http:\/\/staging.ibermusicas.org\/index.php\/wp-json\/wp\/v2\/posts\/17403\/revisions\/17405"}],"wp:featuredmedia":[{"embeddable":true,"href":"http:\/\/staging.ibermusicas.org\/index.php\/wp-json\/wp\/v2\/media\/17708"}],"wp:attachment":[{"href":"http:\/\/staging.ibermusicas.org\/index.php\/wp-json\/wp\/v2\/media?parent=17403"}],"wp:term":[{"taxonomy":"category","embeddable":true,"href":"http:\/\/staging.ibermusicas.org\/index.php\/wp-json\/wp\/v2\/categories?post=17403"},{"taxonomy":"post_tag","embeddable":true,"href":"http:\/\/staging.ibermusicas.org\/index.php\/wp-json\/wp\/v2\/tags?post=17403"}],"curies":[{"name":"wp","href":"https:\/\/api.w.org\/{rel}","templated":true}]}}