{"id":17406,"date":"2023-11-29T21:53:49","date_gmt":"2023-11-29T21:53:49","guid":{"rendered":"http:\/\/staging.ibermusicas.org\/?p=17406"},"modified":"2024-01-15T14:19:05","modified_gmt":"2024-01-15T14:19:05","slug":"ambiente-criollo-o-grupo-peruano-so-de-mulheres-presta-homenagem-as-compositoras-peruanas","status":"publish","type":"post","link":"http:\/\/staging.ibermusicas.org\/index.php\/ambiente-criollo-o-grupo-peruano-so-de-mulheres-presta-homenagem-as-compositoras-peruanas\/","title":{"rendered":"Ambiente Criollo, o grupo peruano s\u00f3 de mulheres, presta homenagem \u00e0s compositoras peruanas"},"content":{"rendered":"<p>O Ambiente Criollo trabalha h\u00e1 mais de 15 anos na divulga\u00e7\u00e3o e cria\u00e7\u00e3o da m\u00fasica crioula no cen\u00e1rio musical peruano. T\u00eam uma grande trajet\u00f3ria e contam com um repert\u00f3rio de m\u00fasica tradicional que inclui valsas, festejos, zamacuecas, tonderos, marineras, entre outros, com o seu cunho caracter\u00edstico: A ritmo de mujer, y punto!<\/p>\n<p>&nbsp;<\/p>\n<p>Pretendem revalorizar o papel da mulher nas artes e demonstrar que as mulheres tamb\u00e9m podem atuar noutros campos musicais, como tocar instrumentos, dan\u00e7ar, fazer arranjos e compor.<\/p>\n<p>&nbsp;<\/p>\n<p>\u00abHerencias: Mujeres Compositoras en la Historia de la M\u00fasica Criolla\u00bb \u00e9 o primeiro disco do grupo, uma compila\u00e7\u00e3o de 12 can\u00e7\u00f5es de grandes compositoras como Rosa Mercedes Ayarza, Serafina Quinteras, Anna Renner, Leonor Garc\u00eda, Teresita Vel\u00e1squez, Chabuca Granda, Victoria Santa Cruz, Mar\u00eda Luisa Rivera, Lucy de Mantilla, Lourdes Carhuas e Olga Milla, mais duas can\u00e7\u00f5es compostas por Ambiente Criollo.<\/p>\n<p>&nbsp;<\/p>\n<p>Apresentaram esta primeira produ\u00e7\u00e3o discogr\u00e1fica no audit\u00f3rio do Teatro Brit\u00e2nico com um espet\u00e1culo de m\u00fasica e dan\u00e7a, no qual se destacou a contribui\u00e7\u00e3o musical de grandes compositoras e int\u00e9rpretes da m\u00fasica crioula, reconhecidas como uma inspira\u00e7\u00e3o para o grupo.<\/p>\n<p>&nbsp;<\/p>\n<p>Este projeto foi o vencedor do Iberm\u00fasicas 2021 e do Est\u00edmulo Econ\u00f4mico \u00e0 Cultura 2022.<\/p>\n<p>&nbsp;<\/p>\n<p>Dispon\u00edvel em todas as plataformas<\/p>\n","protected":false},"excerpt":{"rendered":"<p>O Ambiente Criollo trabalha h\u00e1 mais de 15 anos na divulga\u00e7\u00e3o e cria\u00e7\u00e3o da m\u00fasica crioula no cen\u00e1rio musical peruano. T\u00eam uma grande trajet\u00f3ria e contam com um repert\u00f3rio de m\u00fasica tradicional que inclui valsas, festejos, zamacuecas, tonderos, marineras, entre outros, com o seu cunho caracter\u00edstico: A ritmo de mujer, y punto! &nbsp; Pretendem revalorizar [&hellip;]<\/p>\n","protected":false},"author":7,"featured_media":17708,"comment_status":"closed","ping_status":"closed","sticky":false,"template":"","format":"standard","meta":{"footnotes":""},"categories":[218],"tags":[],"class_list":["post-17406","post","type-post","status-publish","format-standard","has-post-thumbnail","hentry","category-noticias-generales-pt"],"lang":"pt","translations":{"pt":17406},"pll_sync_post":[],"post_mailing_queue_ids":[],"_links":{"self":[{"href":"http:\/\/staging.ibermusicas.org\/index.php\/wp-json\/wp\/v2\/posts\/17406","targetHints":{"allow":["GET"]}}],"collection":[{"href":"http:\/\/staging.ibermusicas.org\/index.php\/wp-json\/wp\/v2\/posts"}],"about":[{"href":"http:\/\/staging.ibermusicas.org\/index.php\/wp-json\/wp\/v2\/types\/post"}],"author":[{"embeddable":true,"href":"http:\/\/staging.ibermusicas.org\/index.php\/wp-json\/wp\/v2\/users\/7"}],"replies":[{"embeddable":true,"href":"http:\/\/staging.ibermusicas.org\/index.php\/wp-json\/wp\/v2\/comments?post=17406"}],"version-history":[{"count":1,"href":"http:\/\/staging.ibermusicas.org\/index.php\/wp-json\/wp\/v2\/posts\/17406\/revisions"}],"predecessor-version":[{"id":17407,"href":"http:\/\/staging.ibermusicas.org\/index.php\/wp-json\/wp\/v2\/posts\/17406\/revisions\/17407"}],"wp:featuredmedia":[{"embeddable":true,"href":"http:\/\/staging.ibermusicas.org\/index.php\/wp-json\/wp\/v2\/media\/17708"}],"wp:attachment":[{"href":"http:\/\/staging.ibermusicas.org\/index.php\/wp-json\/wp\/v2\/media?parent=17406"}],"wp:term":[{"taxonomy":"category","embeddable":true,"href":"http:\/\/staging.ibermusicas.org\/index.php\/wp-json\/wp\/v2\/categories?post=17406"},{"taxonomy":"post_tag","embeddable":true,"href":"http:\/\/staging.ibermusicas.org\/index.php\/wp-json\/wp\/v2\/tags?post=17406"}],"curies":[{"name":"wp","href":"https:\/\/api.w.org\/{rel}","templated":true}]}}