{"id":17413,"date":"2023-11-29T22:06:17","date_gmt":"2023-11-29T22:06:17","guid":{"rendered":"http:\/\/staging.ibermusicas.org\/?p=17413"},"modified":"2024-01-15T14:40:42","modified_gmt":"2024-01-15T14:40:42","slug":"isabella-bretz-presenta-una-nueva-actividad-de-iniciativas-para-el-empoderamiento-femenino-en-la-musica-en-iberoamerica","status":"publish","type":"post","link":"http:\/\/staging.ibermusicas.org\/index.php\/isabella-bretz-presenta-una-nueva-actividad-de-iniciativas-para-el-empoderamiento-femenino-en-la-musica-en-iberoamerica\/","title":{"rendered":"Isabella Bretz presenta una nueva actividad de Iniciativas para el Empoderamiento Femenino en la M\u00fasica en Iberoam\u00e9rica"},"content":{"rendered":"<p>Isabella Bretz y Deh Muss, de Sonora &#8211; Festival Internacional de Mujeres Compositoras, reciben a Paula Ferr\u00e9, creadora del proyecto argentino Mujer Trova, para una conversaci\u00f3n sobre gesti\u00f3n cultural, m\u00fasica y feminismo.<\/p>\n<p>&nbsp;<\/p>\n<p>Las artistas y productoras culturales se reunir\u00e1n en una transmisi\u00f3n en vivo en el Instagram de Sonora (@sonorafestivalinternacional) para hablar sobre la investigaci\u00f3n concebida por Isabella Bretz para mapear iniciativas de empoderamiento femenino en la m\u00fasica en la regi\u00f3n iberoamericana. Paula Ferr\u00e9 presentar\u00e1 su proyecto Mujer Trova, que cumple 10 a\u00f1os, compartiendo sus logros y desaf\u00edos. Deh Muss tambi\u00e9n hablar\u00e1 sobre la creaci\u00f3n de Sonora y su papel en Am\u00e9rica Latina en particular.<\/p>\n<p>&nbsp;<\/p>\n<p>El encuentro y el trabajo de investigaci\u00f3n cuentan con el apoyo del programa Iberm\u00fasicas.<\/p>\n<p>&nbsp;<\/p>\n<p><a href=\"https:\/\/instagram.com\/sonorafestivalinternacional\">https:\/\/instagram.com\/sonorafestivalinternacional<\/a><\/p>\n","protected":false},"excerpt":{"rendered":"<p>Isabella Bretz y Deh Muss, de Sonora &#8211; Festival Internacional de Mujeres Compositoras, reciben a Paula Ferr\u00e9, creadora del proyecto argentino Mujer Trova, para una conversaci\u00f3n sobre gesti\u00f3n cultural, m\u00fasica y feminismo. &nbsp; Las artistas y productoras culturales se reunir\u00e1n en una transmisi\u00f3n en vivo en el Instagram de Sonora (@sonorafestivalinternacional) para hablar sobre la [&hellip;]<\/p>\n","protected":false},"author":7,"featured_media":17710,"comment_status":"closed","ping_status":"closed","sticky":false,"template":"","format":"standard","meta":{"footnotes":""},"categories":[53],"tags":[],"class_list":["post-17413","post","type-post","status-publish","format-standard","has-post-thumbnail","hentry","category-noticias-generales"],"lang":"es","translations":{"es":17413},"pll_sync_post":[],"post_mailing_queue_ids":[],"_links":{"self":[{"href":"http:\/\/staging.ibermusicas.org\/index.php\/wp-json\/wp\/v2\/posts\/17413","targetHints":{"allow":["GET"]}}],"collection":[{"href":"http:\/\/staging.ibermusicas.org\/index.php\/wp-json\/wp\/v2\/posts"}],"about":[{"href":"http:\/\/staging.ibermusicas.org\/index.php\/wp-json\/wp\/v2\/types\/post"}],"author":[{"embeddable":true,"href":"http:\/\/staging.ibermusicas.org\/index.php\/wp-json\/wp\/v2\/users\/7"}],"replies":[{"embeddable":true,"href":"http:\/\/staging.ibermusicas.org\/index.php\/wp-json\/wp\/v2\/comments?post=17413"}],"version-history":[{"count":1,"href":"http:\/\/staging.ibermusicas.org\/index.php\/wp-json\/wp\/v2\/posts\/17413\/revisions"}],"predecessor-version":[{"id":17415,"href":"http:\/\/staging.ibermusicas.org\/index.php\/wp-json\/wp\/v2\/posts\/17413\/revisions\/17415"}],"wp:featuredmedia":[{"embeddable":true,"href":"http:\/\/staging.ibermusicas.org\/index.php\/wp-json\/wp\/v2\/media\/17710"}],"wp:attachment":[{"href":"http:\/\/staging.ibermusicas.org\/index.php\/wp-json\/wp\/v2\/media?parent=17413"}],"wp:term":[{"taxonomy":"category","embeddable":true,"href":"http:\/\/staging.ibermusicas.org\/index.php\/wp-json\/wp\/v2\/categories?post=17413"},{"taxonomy":"post_tag","embeddable":true,"href":"http:\/\/staging.ibermusicas.org\/index.php\/wp-json\/wp\/v2\/tags?post=17413"}],"curies":[{"name":"wp","href":"https:\/\/api.w.org\/{rel}","templated":true}]}}