{"id":17416,"date":"2023-11-29T22:08:18","date_gmt":"2023-11-29T22:08:18","guid":{"rendered":"http:\/\/staging.ibermusicas.org\/?p=17416"},"modified":"2024-01-15T14:41:58","modified_gmt":"2024-01-15T14:41:58","slug":"isabella-bretz-apresenta-uma-nova-atividade-de-iniciativas-de-empoderamento-feminino-na-musica-na-ibero-america","status":"publish","type":"post","link":"http:\/\/staging.ibermusicas.org\/index.php\/isabella-bretz-apresenta-uma-nova-atividade-de-iniciativas-de-empoderamento-feminino-na-musica-na-ibero-america\/","title":{"rendered":"Isabella Bretz apresenta uma nova atividade de Iniciativas de Empoderamento Feminino na M\u00fasica na Ibero-Am\u00e9rica"},"content":{"rendered":"<p>Isabella Bretz e Deh Muss, do Sonora &#8211; Festival Internacional de Compositoras, recebem Paula Ferr\u00e9, criadora do projeto argentino Mujer Trova, para uma conversa sobre gest\u00e3o cultural, m\u00fasica e feminismo.<\/p>\n<p>&nbsp;<\/p>\n<p>As artistas e produtoras culturais se encontram numa live no Instagram do Sonora (@sonorafestivalinternacional) para falar sobre a pesquisa idealizada por Isabella Bretz para mapear iniciativas de empoderamento feminino na m\u00fasica na regi\u00e3o ibero-americana. Paula Ferr\u00e9 apresentar\u00e1 o seu projeto Mujer Trova, que completou 10 anos, compartilhando conquistas e desafios. Deh Muss falar\u00e1 tamb\u00e9m sobre a cria\u00e7\u00e3o do Sonora e o seu papel especialmente na Am\u00e9rica Latina.<\/p>\n<p>&nbsp;<\/p>\n<p>O encontro e a pesquisa s\u00e3o apoiados pelo programa Iberm\u00fasicas.<\/p>\n<p>&nbsp;<\/p>\n<p><a href=\"https:\/\/instagram.com\/sonorafestivalinternacional\">https:\/\/instagram.com\/sonorafestivalinternacional<\/a><\/p>\n","protected":false},"excerpt":{"rendered":"<p>Isabella Bretz e Deh Muss, do Sonora &#8211; Festival Internacional de Compositoras, recebem Paula Ferr\u00e9, criadora do projeto argentino Mujer Trova, para uma conversa sobre gest\u00e3o cultural, m\u00fasica e feminismo. &nbsp; As artistas e produtoras culturais se encontram numa live no Instagram do Sonora (@sonorafestivalinternacional) para falar sobre a pesquisa idealizada por Isabella Bretz para [&hellip;]<\/p>\n","protected":false},"author":7,"featured_media":17710,"comment_status":"closed","ping_status":"closed","sticky":false,"template":"","format":"standard","meta":{"footnotes":""},"categories":[218],"tags":[],"class_list":["post-17416","post","type-post","status-publish","format-standard","has-post-thumbnail","hentry","category-noticias-generales-pt"],"lang":"pt","translations":{"pt":17416},"pll_sync_post":[],"post_mailing_queue_ids":[],"_links":{"self":[{"href":"http:\/\/staging.ibermusicas.org\/index.php\/wp-json\/wp\/v2\/posts\/17416","targetHints":{"allow":["GET"]}}],"collection":[{"href":"http:\/\/staging.ibermusicas.org\/index.php\/wp-json\/wp\/v2\/posts"}],"about":[{"href":"http:\/\/staging.ibermusicas.org\/index.php\/wp-json\/wp\/v2\/types\/post"}],"author":[{"embeddable":true,"href":"http:\/\/staging.ibermusicas.org\/index.php\/wp-json\/wp\/v2\/users\/7"}],"replies":[{"embeddable":true,"href":"http:\/\/staging.ibermusicas.org\/index.php\/wp-json\/wp\/v2\/comments?post=17416"}],"version-history":[{"count":1,"href":"http:\/\/staging.ibermusicas.org\/index.php\/wp-json\/wp\/v2\/posts\/17416\/revisions"}],"predecessor-version":[{"id":17417,"href":"http:\/\/staging.ibermusicas.org\/index.php\/wp-json\/wp\/v2\/posts\/17416\/revisions\/17417"}],"wp:featuredmedia":[{"embeddable":true,"href":"http:\/\/staging.ibermusicas.org\/index.php\/wp-json\/wp\/v2\/media\/17710"}],"wp:attachment":[{"href":"http:\/\/staging.ibermusicas.org\/index.php\/wp-json\/wp\/v2\/media?parent=17416"}],"wp:term":[{"taxonomy":"category","embeddable":true,"href":"http:\/\/staging.ibermusicas.org\/index.php\/wp-json\/wp\/v2\/categories?post=17416"},{"taxonomy":"post_tag","embeddable":true,"href":"http:\/\/staging.ibermusicas.org\/index.php\/wp-json\/wp\/v2\/tags?post=17416"}],"curies":[{"name":"wp","href":"https:\/\/api.w.org\/{rel}","templated":true}]}}