{"id":17421,"date":"2023-11-29T22:11:40","date_gmt":"2023-11-29T22:11:40","guid":{"rendered":"http:\/\/staging.ibermusicas.org\/?p=17421"},"modified":"2024-02-28T20:18:08","modified_gmt":"2024-02-28T20:18:08","slug":"ja-pode-aceder-a-paseos-sonoros-o-podcast-de-remezcla-tu-ciudad","status":"publish","type":"post","link":"http:\/\/staging.ibermusicas.org\/index.php\/ja-pode-aceder-a-paseos-sonoros-o-podcast-de-remezcla-tu-ciudad\/","title":{"rendered":"J\u00e1 pode aceder a \u00abPaseos Sonoros\u00bb, o podcast de \u201cRemezcla Tu Ciudad\u201d"},"content":{"rendered":"<p>Remezcla Tu Ciudad \u00e9 uma plataforma open source de reflex\u00e3o e cria\u00e7\u00e3o que utiliza como mat\u00e9ria-prima os sons das nossas cidades na Ibero-Am\u00e9rica.<\/p>\n<p>&nbsp;<\/p>\n<p>A partir de diferentes processos criativos, criam bibliotecas sonoras, composi\u00e7\u00f5es e podcasts em colabora\u00e7\u00e3o com criadores de cada territ\u00f3rio.<\/p>\n<p>&nbsp;<\/p>\n<p>Paseos Sonoros \u00e9 uma das suas linhas de trabalho: uma s\u00e9rie de podcasts que destacam diferentes marcos sonoros de cada lugar.<\/p>\n<p>&nbsp;<\/p>\n<p>Em Medell\u00edn, a RMTC juntou-se a Auditum, \u00c9ter e Parque Explora para produzir dois epis\u00f3dios especiais desta s\u00e9rie.<\/p>\n<p>&nbsp;<\/p>\n<p>O Parque Explora emitir\u00e1 em FM e, atrav\u00e9s de uma instala\u00e7\u00e3o composta por diferentes receptores de r\u00e1dio cl\u00e1ssicos, ser\u00e1 proposta uma esta\u00e7\u00e3o de escuta neste centro de refer\u00eancia da Col\u00f4mbia.<\/p>\n<p>&nbsp;<\/p>\n<p>Este projeto Remezcla Tu Ciudad \u00e9 apoiado pelo Programa Iberm\u00fasicas atrav\u00e9s das suas Ajudas ao Sector Musical em Modalidade Virtual.<\/p>\n<p>&nbsp;<\/p>\n<ul>\n<li>1 de dezembro &#8211; Emiss\u00e3o na r\u00e1dio digital SinAntenaFM, Assun\u00e7\u00e3o, Paraguai.<\/li>\n<li>4 de dezembro &#8211; Emiss\u00e3o na r\u00e1dio digital CKWEB, Bogot\u00e1, Col\u00f4mbia.<\/li>\n<li>5 de dezembro &#8211; Instala\u00e7\u00e3o sonora no Parque Explora, Medell\u00edn, Col\u00f4mbia.<\/li>\n<li>7 de dezembro &#8211; Emiss\u00e3o na Radio Sur Aural, Santa Cruz de la Sierra, Bol\u00edvia<\/li>\n<li>11 de dezembro &#8211; Emiss\u00e3o na Radio Tsonami, Valpara\u00edso, Chile<\/li>\n<li>14 de dezembro &#8211; Publica\u00e7\u00e3o nos canais Spotify e Soundcloud da Remezcla Tu Ciudad<\/li>\n<\/ul>\n<p>&nbsp;<\/p>\n","protected":false},"excerpt":{"rendered":"<p>Remezcla Tu Ciudad \u00e9 uma plataforma open source de reflex\u00e3o e cria\u00e7\u00e3o que utiliza como mat\u00e9ria-prima os sons das nossas cidades na Ibero-Am\u00e9rica. &nbsp; A partir de diferentes processos criativos, criam bibliotecas sonoras, composi\u00e7\u00f5es e podcasts em colabora\u00e7\u00e3o com criadores de cada territ\u00f3rio. &nbsp; Paseos Sonoros \u00e9 uma das suas linhas de trabalho: uma s\u00e9rie [&hellip;]<\/p>\n","protected":false},"author":7,"featured_media":18057,"comment_status":"closed","ping_status":"closed","sticky":false,"template":"","format":"standard","meta":{"footnotes":""},"categories":[218],"tags":[],"class_list":["post-17421","post","type-post","status-publish","format-standard","has-post-thumbnail","hentry","category-noticias-generales-pt"],"lang":"pt","translations":{"pt":17421},"pll_sync_post":[],"post_mailing_queue_ids":[],"_links":{"self":[{"href":"http:\/\/staging.ibermusicas.org\/index.php\/wp-json\/wp\/v2\/posts\/17421","targetHints":{"allow":["GET"]}}],"collection":[{"href":"http:\/\/staging.ibermusicas.org\/index.php\/wp-json\/wp\/v2\/posts"}],"about":[{"href":"http:\/\/staging.ibermusicas.org\/index.php\/wp-json\/wp\/v2\/types\/post"}],"author":[{"embeddable":true,"href":"http:\/\/staging.ibermusicas.org\/index.php\/wp-json\/wp\/v2\/users\/7"}],"replies":[{"embeddable":true,"href":"http:\/\/staging.ibermusicas.org\/index.php\/wp-json\/wp\/v2\/comments?post=17421"}],"version-history":[{"count":1,"href":"http:\/\/staging.ibermusicas.org\/index.php\/wp-json\/wp\/v2\/posts\/17421\/revisions"}],"predecessor-version":[{"id":17422,"href":"http:\/\/staging.ibermusicas.org\/index.php\/wp-json\/wp\/v2\/posts\/17421\/revisions\/17422"}],"wp:featuredmedia":[{"embeddable":true,"href":"http:\/\/staging.ibermusicas.org\/index.php\/wp-json\/wp\/v2\/media\/18057"}],"wp:attachment":[{"href":"http:\/\/staging.ibermusicas.org\/index.php\/wp-json\/wp\/v2\/media?parent=17421"}],"wp:term":[{"taxonomy":"category","embeddable":true,"href":"http:\/\/staging.ibermusicas.org\/index.php\/wp-json\/wp\/v2\/categories?post=17421"},{"taxonomy":"post_tag","embeddable":true,"href":"http:\/\/staging.ibermusicas.org\/index.php\/wp-json\/wp\/v2\/tags?post=17421"}],"curies":[{"name":"wp","href":"https:\/\/api.w.org\/{rel}","templated":true}]}}