{"id":17428,"date":"2023-11-29T22:28:27","date_gmt":"2023-11-29T22:28:27","guid":{"rendered":"http:\/\/staging.ibermusicas.org\/?p=17428"},"modified":"2024-01-15T14:48:23","modified_gmt":"2024-01-15T14:48:23","slug":"la-fadista-portuguesa-helena-sarmento-lleva-su-espectaculo-tanto-mar-a-rio-de-janeiro-y-buenos-aires","status":"publish","type":"post","link":"http:\/\/staging.ibermusicas.org\/index.php\/la-fadista-portuguesa-helena-sarmento-lleva-su-espectaculo-tanto-mar-a-rio-de-janeiro-y-buenos-aires\/","title":{"rendered":"La fadista portuguesa Helena Sarmento lleva su espect\u00e1culo \u201cTanto Mar\u201d a R\u00edo de Janeiro y Buenos Aires"},"content":{"rendered":"<p>Helena Sarmento lleva desde la ciudad de Porto a Brasil y Argentina lo mejor de la m\u00fasica de Portugal. Sus dos primeros discos \u201cFado Azul\u201d y \u201cFado dos dias assim\u201d fueron editados por\u00a0 el prestigioso sello Sunset France. Luego de \u201cLonjura\u201d, su tercer disco, edit\u00f3 \u00abLiberdade, liberdade!\u00bb, un EP con canciones del gran cantautor portugu\u00e9s Zeca Afonso<\/p>\n<p>&nbsp;<\/p>\n<p>Adem\u00e1s de haberse presentado en los escenarios m\u00e1s importantes de su pa\u00eds Helena Sarmento, ha realizado presentaciones en Alemania, Francia, Espa\u00f1a y Brasil.<\/p>\n<p>&nbsp;<\/p>\n<p>En R\u00edo de Janeiro realizar\u00e1 un show acompa\u00f1ada de grandes m\u00fasicos brasile\u00f1os y a la vez realizar\u00e1 su primera presentaci\u00f3n en Buenos Aires compartiendo un concierto junto a Karina Beorlegui, cantante argentina que lleva muchos a\u00f1os de trabajo tendiendo puentes entre el tango y el fado.<\/p>\n<p>&nbsp;<\/p>\n<p>Durante su estancia en R\u00edo de Janeiro, grabar\u00e1 parte de su quinto \u00e1lbum de estudio, con la participaci\u00f3n de Pedro Arag\u00e3o (mandolina brasile\u00f1a), Marlon J\u00falio (guitarra de 6 y 7 cuerdas), Pedro Aune (contrabajo), Marcus Thadeu (percusi\u00f3n) y la participaci\u00f3n especial de Nina Wirtti (voz). De vuelta a Oporto, finalizar\u00e1 all\u00ed la grabaci\u00f3n, con guitarra portuguesa. Tambi\u00e9n grabar\u00e1 dos canciones al piano, acompa\u00f1ada por Carlos Fuchs.<\/p>\n<p>&nbsp;<\/p>\n<p>La prensa especializada ha comentado el trabajo de Helena Sarmento:<\/p>\n<p>&nbsp;<\/p>\n<p><em>\u00abO\u00edmos fados tradicionales, ya cantados por tanta gente, pero tenemos la sensaci\u00f3n de que est\u00e1n siendo reinventados, tenemos la sensaci\u00f3n de lo nuevo\u00bb. <\/em>(Rui Vieira Nery)<\/p>\n<p>&nbsp;<\/p>\n<p><em>\u00abDiscreta, reservada, empez\u00f3 a afirmarse fuera de la corriente dominante, guiada por una exigencia y una lucidez inamovibles\u00bb. <\/em>(Fernando DaCosta)<\/p>\n<p>&nbsp;<\/p>\n<p><em>\u00abHelena Sarmento aporta verdad a su canto. Su voz es el suelo del poema en permanente movimiento\u00bb. <\/em>(Davide Pinheiro)<\/p>\n<p>&nbsp;<\/p>\n<p><em>\u00abLibre de dogmas, con Helena Sarmento el fado bebe de la tradici\u00f3n pero no se doblega ante ella, porque el fado es vida, es destino pero no sentencia\u00bb <\/em>(Andreia Gouveia)<\/p>\n<p>&nbsp;<\/p>\n<p>Esta gira de Helena Sarmiento cuenta con el apoyo del Programa Iberm\u00fasicas mediante sus Ayudas a la Circulaci\u00f3n, convocatoria 2022.<\/p>\n<p><strong>\u00a0<\/strong><\/p>\n<p><strong>\u00a0<\/strong><\/p>\n<ul>\n<li>Jueves 7 de diciembre, 19h: Casa do Choro, Rua da Carioca 38, R\u00edo de Janeiro, Brasil<\/li>\n<li>S\u00e1bado 9 de diciembre, 21h: Concierto junto a Karina Beorlegui en Cambalache Club Social, Defensa 1179, San Telmo, Buenos Aires, Argentina<\/li>\n<\/ul>\n","protected":false},"excerpt":{"rendered":"<p>Helena Sarmento lleva desde la ciudad de Porto a Brasil y Argentina lo mejor de la m\u00fasica de Portugal. Sus dos primeros discos \u201cFado Azul\u201d y \u201cFado dos dias assim\u201d fueron editados por\u00a0 el prestigioso sello Sunset France. Luego de \u201cLonjura\u201d, su tercer disco, edit\u00f3 \u00abLiberdade, liberdade!\u00bb, un EP con canciones del gran cantautor portugu\u00e9s [&hellip;]<\/p>\n","protected":false},"author":7,"featured_media":17714,"comment_status":"closed","ping_status":"closed","sticky":false,"template":"","format":"standard","meta":{"footnotes":""},"categories":[53],"tags":[],"class_list":["post-17428","post","type-post","status-publish","format-standard","has-post-thumbnail","hentry","category-noticias-generales"],"lang":"es","translations":{"es":17428},"pll_sync_post":[],"post_mailing_queue_ids":[],"_links":{"self":[{"href":"http:\/\/staging.ibermusicas.org\/index.php\/wp-json\/wp\/v2\/posts\/17428","targetHints":{"allow":["GET"]}}],"collection":[{"href":"http:\/\/staging.ibermusicas.org\/index.php\/wp-json\/wp\/v2\/posts"}],"about":[{"href":"http:\/\/staging.ibermusicas.org\/index.php\/wp-json\/wp\/v2\/types\/post"}],"author":[{"embeddable":true,"href":"http:\/\/staging.ibermusicas.org\/index.php\/wp-json\/wp\/v2\/users\/7"}],"replies":[{"embeddable":true,"href":"http:\/\/staging.ibermusicas.org\/index.php\/wp-json\/wp\/v2\/comments?post=17428"}],"version-history":[{"count":1,"href":"http:\/\/staging.ibermusicas.org\/index.php\/wp-json\/wp\/v2\/posts\/17428\/revisions"}],"predecessor-version":[{"id":17430,"href":"http:\/\/staging.ibermusicas.org\/index.php\/wp-json\/wp\/v2\/posts\/17428\/revisions\/17430"}],"wp:featuredmedia":[{"embeddable":true,"href":"http:\/\/staging.ibermusicas.org\/index.php\/wp-json\/wp\/v2\/media\/17714"}],"wp:attachment":[{"href":"http:\/\/staging.ibermusicas.org\/index.php\/wp-json\/wp\/v2\/media?parent=17428"}],"wp:term":[{"taxonomy":"category","embeddable":true,"href":"http:\/\/staging.ibermusicas.org\/index.php\/wp-json\/wp\/v2\/categories?post=17428"},{"taxonomy":"post_tag","embeddable":true,"href":"http:\/\/staging.ibermusicas.org\/index.php\/wp-json\/wp\/v2\/tags?post=17428"}],"curies":[{"name":"wp","href":"https:\/\/api.w.org\/{rel}","templated":true}]}}