{"id":17431,"date":"2023-11-29T22:29:40","date_gmt":"2023-11-29T22:29:40","guid":{"rendered":"http:\/\/staging.ibermusicas.org\/?p=17431"},"modified":"2024-01-15T14:50:41","modified_gmt":"2024-01-15T14:50:41","slug":"a-fadista-portuguesa-helena-sarmento-leva-seu-espectaculo-tanto-mar-para-rio-de-janeiro-e-buenos-aires","status":"publish","type":"post","link":"http:\/\/staging.ibermusicas.org\/index.php\/a-fadista-portuguesa-helena-sarmento-leva-seu-espectaculo-tanto-mar-para-rio-de-janeiro-e-buenos-aires\/","title":{"rendered":"A fadista portuguesa Helena Sarmento leva seu espect\u00e1culo \u201cTanto Mar\u201d para Rio de Janeiro e Buenos Aires"},"content":{"rendered":"<p>Helena Sarmento leva o melhor da m\u00fasica portuguesa do Porto para o Brasil e a Argentina. Os seus dois primeiros \u00e1lbuns \u00abFado Azul\u00bb e \u00abFado dos dias assim\u00bb foram lan\u00e7ados pela prestigiada editora Sunset France. Depois de \u00abLonjura\u00bb, o seu terceiro \u00e1lbum, lan\u00e7ou \u00abLiberdade, liberdade!\u00bb, um EP com can\u00e7\u00f5es do grande cantor e compositor portugu\u00eas Zeca Afonso.<\/p>\n<p>&nbsp;<\/p>\n<p>Para al\u00e9m de ter actuado nos palcos mais importantes do seu pa\u00eds, Helena Sarmento j\u00e1 actuou na Alemanha, Fran\u00e7a, Espanha e Brasil.<\/p>\n<p>&nbsp;<\/p>\n<p>No Rio de Janeiro, far\u00e1 um espet\u00e1culo acompanhada por grandes m\u00fasicos brasileiros e dias depois atuar\u00e1 pela primeira vez em Buenos Aires partilhando um concerto com Karina Beorlegui, cantora argentina que h\u00e1 muitos anos trabalha na constru\u00e7\u00e3o de pontes entre o tango e o fado.<\/p>\n<p><strong>\u00a0<\/strong><\/p>\n<p>Durante a sua estadia no Rio de Janeiro, gravar\u00e1 parte do seu quinto \u00e1lbum de est\u00fadio, com a participa\u00e7\u00e3o de Pedro Arag\u00e3o (bandolim brasileiro), Marlon J\u00falio (viol\u00e3o de 6 e 7 cordas), Pedro Aune (contrabaixo), Marcus Thadeu (percuss\u00e3o) e a participa\u00e7\u00e3o especial de Nina Wirtti (voz). Uma vez regressada ao Porto, concluir\u00e1 a grava\u00e7\u00e3o l\u00e1, com guitarra portuguesa. Gravar\u00e1 tamb\u00e9m 2 temas ao piano, acompanhada por Carlos Fuchs.<\/p>\n<p><strong>\u00a0<\/strong><\/p>\n<p>A imprensa especializada tem-se pronunciado sobre a obra de Helena Sarmento:<\/p>\n<p>&nbsp;<\/p>\n<p><em>\u00abOuvimos fados tradicionais, cantados j\u00e1 por tanta gente, mas temos a sensa\u00e7\u00e3o de eles estarem a ser reinventados, temos a sensa\u00e7\u00e3o do novo.\u201d (<\/em>Rui Vieira Nery)<\/p>\n<p>&nbsp;<\/p>\n<p><em>\u00abDiscreta, secreta, ela encetou a sua afirma\u00e7\u00e3o fora das correntes dominantes, norteada por uma exig\u00eancia, uma lucidez inamov\u00edveis.\u201d<\/em> (Fernando DaCosta)<\/p>\n<p>&nbsp;<\/p>\n<p><em>\u201cHelena Sarmento traz a verdade no canto. A voz \u00e9 o ch\u00e3o do poema em permanente movimento.\u201d <\/em>(Davide Pinheiro)<\/p>\n<p>&nbsp;<\/p>\n<p><em>\u201cLivre de dogmas, com Helena Sarmento o fado bebe da tradi\u00e7\u00e3o mas a ela n\u00e3o se verga, porque Fado \u00e9 vida, \u00e9 destino mas n\u00e3o senten\u00e7a\u201d.<\/em> (Andreia Gouveia)<\/p>\n<p>&nbsp;<\/p>\n<p>Esta digress\u00e3o de Helena Sarmiento \u00e9 apoiada pelo Programa Iberm\u00fasicas atrav\u00e9s das suas Ajudas \u00e0 Circula\u00e7\u00e3o, chamada 2022.<\/p>\n<p>&nbsp;<\/p>\n<ul>\n<li>Quinta-feira 7 de dezembro, 19h: Casa do Choro, Rua da Carioca 38, Rio de Janeiro, Brasil<\/li>\n<li>S\u00e1bado, 9 de dezembro, 21h: Concerto com Karina Beorlegui no Cambalache Club Social, Defensa 1179, San Telmo, Buenos Aires, Argentina<\/li>\n<\/ul>\n<p><strong><em>\u00a0<\/em><\/strong><\/p>\n","protected":false},"excerpt":{"rendered":"<p>Helena Sarmento leva o melhor da m\u00fasica portuguesa do Porto para o Brasil e a Argentina. Os seus dois primeiros \u00e1lbuns \u00abFado Azul\u00bb e \u00abFado dos dias assim\u00bb foram lan\u00e7ados pela prestigiada editora Sunset France. Depois de \u00abLonjura\u00bb, o seu terceiro \u00e1lbum, lan\u00e7ou \u00abLiberdade, liberdade!\u00bb, um EP com can\u00e7\u00f5es do grande cantor e compositor portugu\u00eas [&hellip;]<\/p>\n","protected":false},"author":7,"featured_media":17714,"comment_status":"closed","ping_status":"closed","sticky":false,"template":"","format":"standard","meta":{"footnotes":""},"categories":[218],"tags":[],"class_list":["post-17431","post","type-post","status-publish","format-standard","has-post-thumbnail","hentry","category-noticias-generales-pt"],"lang":"pt","translations":{"pt":17431},"pll_sync_post":[],"post_mailing_queue_ids":[],"_links":{"self":[{"href":"http:\/\/staging.ibermusicas.org\/index.php\/wp-json\/wp\/v2\/posts\/17431","targetHints":{"allow":["GET"]}}],"collection":[{"href":"http:\/\/staging.ibermusicas.org\/index.php\/wp-json\/wp\/v2\/posts"}],"about":[{"href":"http:\/\/staging.ibermusicas.org\/index.php\/wp-json\/wp\/v2\/types\/post"}],"author":[{"embeddable":true,"href":"http:\/\/staging.ibermusicas.org\/index.php\/wp-json\/wp\/v2\/users\/7"}],"replies":[{"embeddable":true,"href":"http:\/\/staging.ibermusicas.org\/index.php\/wp-json\/wp\/v2\/comments?post=17431"}],"version-history":[{"count":1,"href":"http:\/\/staging.ibermusicas.org\/index.php\/wp-json\/wp\/v2\/posts\/17431\/revisions"}],"predecessor-version":[{"id":17432,"href":"http:\/\/staging.ibermusicas.org\/index.php\/wp-json\/wp\/v2\/posts\/17431\/revisions\/17432"}],"wp:featuredmedia":[{"embeddable":true,"href":"http:\/\/staging.ibermusicas.org\/index.php\/wp-json\/wp\/v2\/media\/17714"}],"wp:attachment":[{"href":"http:\/\/staging.ibermusicas.org\/index.php\/wp-json\/wp\/v2\/media?parent=17431"}],"wp:term":[{"taxonomy":"category","embeddable":true,"href":"http:\/\/staging.ibermusicas.org\/index.php\/wp-json\/wp\/v2\/categories?post=17431"},{"taxonomy":"post_tag","embeddable":true,"href":"http:\/\/staging.ibermusicas.org\/index.php\/wp-json\/wp\/v2\/tags?post=17431"}],"curies":[{"name":"wp","href":"https:\/\/api.w.org\/{rel}","templated":true}]}}