{"id":17436,"date":"2023-11-29T22:32:34","date_gmt":"2023-11-29T22:32:34","guid":{"rendered":"http:\/\/staging.ibermusicas.org\/?p=17436"},"modified":"2024-01-15T14:53:17","modified_gmt":"2024-01-15T14:53:17","slug":"eis-que-surge-um-encontro-colaborativo-entre-o-iii-festival-colombia-un-cartel-contemporaneo-nova-et-vetera-e-o-festival-musica-estranha-de-brasil","status":"publish","type":"post","link":"http:\/\/staging.ibermusicas.org\/index.php\/eis-que-surge-um-encontro-colaborativo-entre-o-iii-festival-colombia-un-cartel-contemporaneo-nova-et-vetera-e-o-festival-musica-estranha-de-brasil\/","title":{"rendered":"Eis que surge um encontro colaborativo entre o III Festival Colombia un Cartel Contempor\u00e1neo, Nova et Vetera e o Festival M\u00fasica Estranha de Brasil"},"content":{"rendered":"<p>A partir da alian\u00e7a estabelecida entre a Nova et Vetera e o Festival de M\u00fasica Estranha de S\u00e3o Paulo, com o apoio do Iberm\u00fasicas, no \u00e2mbito da 10\u00aa edi\u00e7\u00e3o do Festival de M\u00fasica Estranha, ser\u00e1 realizada a terceira edi\u00e7\u00e3o da s\u00e9rie \u00abCol\u00f4mbia, um cartaz contempor\u00e2neo\u00bb, desta vez com \u00eanfase na produ\u00e7\u00e3o musical do compositor colombiano Eblis \u00c1lvarez. Esta \u00e9 uma oportunidade precisa para divulgar o trabalho de \u00c1lvarez em colabora\u00e7\u00e3o com m\u00fasicos brasileiros e tamb\u00e9m para comemorar os 25 anos de seu projeto de maior visibilidade, o Meridian Brothers.<\/p>\n<p>&nbsp;<\/p>\n<p>Meridian Brothers \u00e9 um grupo singular que, pela qualidade das suas contribui\u00e7\u00f5es, tem sido um modelo est\u00e9tico para projetos que seguem passos experimentais, ou para outros que, num quadro mais convencional, encontraram a\u00ed recursos criativos inspiradores. Ali\u00e1s, a partir desta experi\u00eancia, os pr\u00f3prios membros do grupo criaram outros grupos que se juntaram a esta corrente de diversidade e renova\u00e7\u00e3o musical. S\u00e3o eles o grupo Hagudo e o projeto a solo de Mange Valencia, que tamb\u00e9m fazem parte do programa de \u201cColombia, un cartel contempor\u00e1neo\u201d. No total, s\u00e3o tr\u00eas propostas musicais e duas colabora\u00e7\u00f5es.<\/p>\n<p>&nbsp;<\/p>\n<p>\u00abColombia, un Cartel Contempor\u00e1neo\u00bb \u00e9 um espa\u00e7o para estreitar os la\u00e7os de coopera\u00e7\u00e3o entre o Brasil e a Col\u00f4mbia atrav\u00e9s da arte e da m\u00fasica do nosso s\u00e9culo, beneficiando do fermento criativo que se vive atualmente na Col\u00f4mbia e do acolhimento do p\u00fablico brasileiro.<\/p>\n<p>&nbsp;<\/p>\n<ul>\n<li>Quinta-feira, 7 de dezembro, 20h: Mange Valencia + Benjam\u00edn Taubkin (Br) na Sala do Conservat\u00f3rio.<\/li>\n<li>Sexta-feira, 8 de dezembro, 21h: Irm\u00e3os Meridianos + Quarteto de Cordas Quadril (Br) na Plaza de las Artes<\/li>\n<li>S\u00e1bado 9 de dezembro, 20h: Hagudo na Plaza de las Artes<\/li>\n<\/ul>\n","protected":false},"excerpt":{"rendered":"<p>A partir da alian\u00e7a estabelecida entre a Nova et Vetera e o Festival de M\u00fasica Estranha de S\u00e3o Paulo, com o apoio do Iberm\u00fasicas, no \u00e2mbito da 10\u00aa edi\u00e7\u00e3o do Festival de M\u00fasica Estranha, ser\u00e1 realizada a terceira edi\u00e7\u00e3o da s\u00e9rie \u00abCol\u00f4mbia, um cartaz contempor\u00e2neo\u00bb, desta vez com \u00eanfase na produ\u00e7\u00e3o musical do compositor colombiano [&hellip;]<\/p>\n","protected":false},"author":7,"featured_media":17715,"comment_status":"closed","ping_status":"closed","sticky":false,"template":"","format":"standard","meta":{"footnotes":""},"categories":[218],"tags":[],"class_list":["post-17436","post","type-post","status-publish","format-standard","has-post-thumbnail","hentry","category-noticias-generales-pt"],"lang":"pt","translations":{"pt":17436},"pll_sync_post":[],"post_mailing_queue_ids":[],"_links":{"self":[{"href":"http:\/\/staging.ibermusicas.org\/index.php\/wp-json\/wp\/v2\/posts\/17436","targetHints":{"allow":["GET"]}}],"collection":[{"href":"http:\/\/staging.ibermusicas.org\/index.php\/wp-json\/wp\/v2\/posts"}],"about":[{"href":"http:\/\/staging.ibermusicas.org\/index.php\/wp-json\/wp\/v2\/types\/post"}],"author":[{"embeddable":true,"href":"http:\/\/staging.ibermusicas.org\/index.php\/wp-json\/wp\/v2\/users\/7"}],"replies":[{"embeddable":true,"href":"http:\/\/staging.ibermusicas.org\/index.php\/wp-json\/wp\/v2\/comments?post=17436"}],"version-history":[{"count":1,"href":"http:\/\/staging.ibermusicas.org\/index.php\/wp-json\/wp\/v2\/posts\/17436\/revisions"}],"predecessor-version":[{"id":17437,"href":"http:\/\/staging.ibermusicas.org\/index.php\/wp-json\/wp\/v2\/posts\/17436\/revisions\/17437"}],"wp:featuredmedia":[{"embeddable":true,"href":"http:\/\/staging.ibermusicas.org\/index.php\/wp-json\/wp\/v2\/media\/17715"}],"wp:attachment":[{"href":"http:\/\/staging.ibermusicas.org\/index.php\/wp-json\/wp\/v2\/media?parent=17436"}],"wp:term":[{"taxonomy":"category","embeddable":true,"href":"http:\/\/staging.ibermusicas.org\/index.php\/wp-json\/wp\/v2\/categories?post=17436"},{"taxonomy":"post_tag","embeddable":true,"href":"http:\/\/staging.ibermusicas.org\/index.php\/wp-json\/wp\/v2\/tags?post=17436"}],"curies":[{"name":"wp","href":"https:\/\/api.w.org\/{rel}","templated":true}]}}