{"id":17441,"date":"2023-11-29T22:34:53","date_gmt":"2023-11-29T22:34:53","guid":{"rendered":"http:\/\/staging.ibermusicas.org\/?p=17441"},"modified":"2024-01-15T14:56:56","modified_gmt":"2024-01-15T14:56:56","slug":"o-espetaculo-ismael-querales-toca-y-canta-repertorio-de-musica-para-bandola-e-apresentado-da-venezuela","status":"publish","type":"post","link":"http:\/\/staging.ibermusicas.org\/index.php\/o-espetaculo-ismael-querales-toca-y-canta-repertorio-de-musica-para-bandola-e-apresentado-da-venezuela\/","title":{"rendered":"O espet\u00e1culo \u00abIsmael Querales toca y canta &#8211; repert\u00f3rio de m\u00fasica para bandola\u00bb \u00e9 apresentado da Venezuela"},"content":{"rendered":"<p>Ismael Querales \u00e9 m\u00fasico, cantor, compositor e pesquisador considerado uma refer\u00eancia na m\u00fasica tradicional venezuelana, com uma vasta gama de trabalhos que lhe renderam recentemente o Pr\u00eamio Nacional de Cultura na categoria Culturas Populares.<\/p>\n<p>&nbsp;<\/p>\n<p>A influ\u00eancia significativa de seu pai, Teo Capriles, aluno e amigo \u00edntimo do maestro Vicente Emilio Sojo, fez com que, desde muito jovem, ele se cercasse de importantes professores que lhe permitiram adquirir consci\u00eancia e sensibilidade para o necess\u00e1rio trabalho de pesquisa e promo\u00e7\u00e3o da cultura e da identidade venezuelanas em suas diferentes manifesta\u00e7\u00f5es.<\/p>\n<p>&nbsp;<\/p>\n<p>Ele fundou e foi parte integrante do grupo Un Solo Pueblo por mais de 30 anos. Mais tarde, fundou o grupo Venezuela Un Solo Pueblo, que dirige atualmente. Tamb\u00e9m foi membro de grupos importantes, como Cantur\u00eda Popular Venezolana, Pasacalle, Rucaneo del Mabil, Grupo C\u00e1ntaro e Orquesta T\u00edpica Nacional. Foi o criador do grupo La Banda de la Bandola com sua proposta musical de jazz mastranto, bem como membro da irmandade musical Los Golperos de Don P\u00edo e Los Salveros del Cerro de la Cruz de Carora.<\/p>\n<p>&nbsp;<\/p>\n<p>Ele tem um extenso curr\u00edculo como acompanhante e solista e \u00e9 amplamente reconhecido por sua pesquisa atenta sobre as Bandolas Venezuelanas, com as quais estabeleceu uma refer\u00eancia.<\/p>\n<p>&nbsp;<\/p>\n<p>Nesta ocasi\u00e3o, em coprodu\u00e7\u00e3o com o Programa Iberm\u00fasicas, o Minist\u00e9rio do Poder Popular para a Cultura e o Sistema Nacional de Culturas Populares, a proposta musical do maestro Ismael Querales chega \u00e0 programa\u00e7\u00e3o da Casona Cultural Aquiles Nazoa para apresentar uma encena\u00e7\u00e3o em que se pode apreciar a execu\u00e7\u00e3o de um dos ritmos mais populares da m\u00fasica tradicional venezuelana: O Joropo, em suas variantes Oriental, Central, Llanero e Guayan\u00e9s, por meio das Bandolas que correspondem a cada ritmo, com seus pr\u00f3prios e variados cantos e dan\u00e7as, como em uma festa tradicional de um povoado.<\/p>\n<p>&nbsp;<\/p>\n<p><em>\u00abO povo sem arte desaparece nas oscila\u00e7\u00f5es da moda\u00bb<\/em>, \u00e9 o grande ensinamento e lema deste concerto de Ismael Querales, fervorosamente comprometido com a tradi\u00e7\u00e3o, a heran\u00e7a e o patrim\u00f4nio cultural dos venezuelanos.<\/p>\n<p>&nbsp;<\/p>\n<p>Sexta-feira, 8 de dezembro 15h: Casona Cultural Aquiles Nazoa<\/p>\n","protected":false},"excerpt":{"rendered":"<p>Ismael Querales \u00e9 m\u00fasico, cantor, compositor e pesquisador considerado uma refer\u00eancia na m\u00fasica tradicional venezuelana, com uma vasta gama de trabalhos que lhe renderam recentemente o Pr\u00eamio Nacional de Cultura na categoria Culturas Populares. &nbsp; A influ\u00eancia significativa de seu pai, Teo Capriles, aluno e amigo \u00edntimo do maestro Vicente Emilio Sojo, fez com que, [&hellip;]<\/p>\n","protected":false},"author":7,"featured_media":17716,"comment_status":"closed","ping_status":"closed","sticky":false,"template":"","format":"standard","meta":{"footnotes":""},"categories":[218],"tags":[],"class_list":["post-17441","post","type-post","status-publish","format-standard","has-post-thumbnail","hentry","category-noticias-generales-pt"],"lang":"pt","translations":{"pt":17441},"pll_sync_post":[],"post_mailing_queue_ids":[],"_links":{"self":[{"href":"http:\/\/staging.ibermusicas.org\/index.php\/wp-json\/wp\/v2\/posts\/17441","targetHints":{"allow":["GET"]}}],"collection":[{"href":"http:\/\/staging.ibermusicas.org\/index.php\/wp-json\/wp\/v2\/posts"}],"about":[{"href":"http:\/\/staging.ibermusicas.org\/index.php\/wp-json\/wp\/v2\/types\/post"}],"author":[{"embeddable":true,"href":"http:\/\/staging.ibermusicas.org\/index.php\/wp-json\/wp\/v2\/users\/7"}],"replies":[{"embeddable":true,"href":"http:\/\/staging.ibermusicas.org\/index.php\/wp-json\/wp\/v2\/comments?post=17441"}],"version-history":[{"count":1,"href":"http:\/\/staging.ibermusicas.org\/index.php\/wp-json\/wp\/v2\/posts\/17441\/revisions"}],"predecessor-version":[{"id":17442,"href":"http:\/\/staging.ibermusicas.org\/index.php\/wp-json\/wp\/v2\/posts\/17441\/revisions\/17442"}],"wp:featuredmedia":[{"embeddable":true,"href":"http:\/\/staging.ibermusicas.org\/index.php\/wp-json\/wp\/v2\/media\/17716"}],"wp:attachment":[{"href":"http:\/\/staging.ibermusicas.org\/index.php\/wp-json\/wp\/v2\/media?parent=17441"}],"wp:term":[{"taxonomy":"category","embeddable":true,"href":"http:\/\/staging.ibermusicas.org\/index.php\/wp-json\/wp\/v2\/categories?post=17441"},{"taxonomy":"post_tag","embeddable":true,"href":"http:\/\/staging.ibermusicas.org\/index.php\/wp-json\/wp\/v2\/tags?post=17441"}],"curies":[{"name":"wp","href":"https:\/\/api.w.org\/{rel}","templated":true}]}}