{"id":17446,"date":"2023-11-29T22:37:45","date_gmt":"2023-11-29T22:37:45","guid":{"rendered":"http:\/\/staging.ibermusicas.org\/?p=17446"},"modified":"2024-01-15T15:00:02","modified_gmt":"2024-01-15T15:00:02","slug":"chega-a-7a-edicao-do-festival-mucho-o-evento-gratuito-que-marca-o-encontro-musical-dos-paises-da-america-latina-em-sao-paulo-brasil","status":"publish","type":"post","link":"http:\/\/staging.ibermusicas.org\/index.php\/chega-a-7a-edicao-do-festival-mucho-o-evento-gratuito-que-marca-o-encontro-musical-dos-paises-da-america-latina-em-sao-paulo-brasil\/","title":{"rendered":"Chega a 7\u00aa Edi\u00e7\u00e3o do Festival MUCHO!, o evento gratuito que marca o encontro musical dos pa\u00edses da Am\u00e9rica Latina em S\u00e3o Paulo, Brasil"},"content":{"rendered":"<p>Desde sua primeira edi\u00e7\u00e3o em 2017, o Festival prop\u00f5e ao p\u00fablico um espa\u00e7o onde a diversidade e a integra\u00e7\u00e3o cultural s\u00e3o o foco, fortalecendo a interatividade entre as diferentes representa\u00e7\u00f5es art\u00edsticas do nosso continente.<\/p>\n<p>&nbsp;<\/p>\n<p><em>\u00abO Festival MUCHO! \u00e9 territ\u00f3rio de encontro da cultura do nosso continente. Espa\u00e7o de m\u00faltipla express\u00e3o de narrativas onde as identidades, ancestralidades, lutas e celebra\u00e7\u00f5es do centro-sul do nosso continente s\u00e3o colocadas lado a lado\u00bb<\/em>, explica Felipe Fran\u00e7a, s\u00f3cio-diretor e curador do Festival. Uma oportunidade para descobrir o novo, olhar para o lado e se sentir parte de um movimento maior, uma batalha robusta por quest\u00f5es t\u00e3o caras que ainda resistem em um continente forjado pela coloniza\u00e7\u00e3o. Isso tudo atrav\u00e9s da m\u00fasica, do di\u00e1logo, da dan\u00e7a e das atividades formativas.<\/p>\n<p>&nbsp;<\/p>\n<p>Desde sua primeira edi\u00e7\u00e3o em 2017, o Festival prop\u00f5e ao p\u00fablico um espa\u00e7o onde a diversidade cultural migrat\u00f3ria \u00e9 o foco, fortalecendo a interatividade entre as diferentes culturas do nosso continente, t\u00e3o ricas e indispens\u00e1veis para a forma\u00e7\u00e3o de uma cidade migrante como S\u00e3o Paulo.<\/p>\n<p>&nbsp;<\/p>\n<p>O Festival MUCHO! \u00e9 uma realiza\u00e7\u00e3o de Difusa Fronteira. N\u00facleo de Integra\u00e7\u00e3o Cultural Brasil &#8211; Am\u00e9rica Latina com o apoio da Secretaria Municipal de Cultura de S\u00e3o Paulo, Secretaria Municipal de Turismo de S\u00e3o Paulo, Minist\u00e9rio de Cultura da Cidade de Buenos Aires, Secretaria de Cultura e Economia Criativa de S\u00e3o Paulo, FUNARTE\/Iberm\u00fasicas, Abrafin e a Associa\u00e7\u00e3o Latino-americana de Managers Musicais MMF LATAM<\/p>\n<p>&nbsp;<\/p>\n<p>O Festival MUCHO! \u00e9 um convite para o p\u00fablico embarcar nesta festa da integra\u00e7\u00e3o cultural e conhecer um pouco sobre cada pa\u00eds vizinho atrav\u00e9s da m\u00fasica. Inovando na maneira de anunciar o line-up, o Festival MUCHO! prop\u00f4s atrav\u00e9s de suas redes sociais, uma viagem pelo continente onde uma kombi seguiu um roteiro nos pa\u00edses de origem de cada artista anunciado, fomentando assim tamb\u00e9m o turismo cultural.<\/p>\n<p>&nbsp;<\/p>\n<p>O Programa Iberm\u00fasicas apoia a apresenta\u00e7\u00e3o no Festival da agrupa\u00e7\u00e3o uruguaia \u201cCuatro Pesos de Propina\u201d.<\/p>\n<p>&nbsp;<\/p>\n<p>Ser\u00e3o parte do line up do festival:<\/p>\n<p>&nbsp;<\/p>\n<ul>\n<li>Nidia G\u00f3ngora (Col\u00f4mbia)<\/li>\n<li>Mad Professor (Guiana) convida Feminine Hi-Fi (Brasil)<\/li>\n<li>Kumbia Queers (Argentina)<\/li>\n<li>Milk Shake (Paraguai)<\/li>\n<li>Cuatro Pesos de Propina (Uruguai)<\/li>\n<li>Maglore convida Lu\u00ea (Brasil)<\/li>\n<li>Caliente Ball (Brasil)<\/li>\n<li>Brisa Flow (Brasil)<\/li>\n<li>Quimbara (Brasil)<\/li>\n<li>DJ Pantera Guirchas (Col\u00f4mbia)<\/li>\n<li>DJ Pensanum\/Macumbia (Brasil)<\/li>\n<li>DJ Patricktor4 (Brasil)<\/li>\n<li>DJ Flavia Durante (Brasil)<\/li>\n<\/ul>\n<p>&nbsp;<\/p>\n<ul>\n<li>8 de dezembro, 14h a 22h no Tendal da Lapa, S\u00e3o Paulo\/SP, Brasil<\/li>\n<li>9 e 10 de dezembro, 14h a 22h na Casa de Cultura do Butant\u00e3, S\u00e3o Paulo\/SP, Brasil<\/li>\n<\/ul>\n<p>&nbsp;<\/p>\n<p><a href=\"https:\/\/difusafronteira.com.br\">https:\/\/difusafronteira.com.br<\/a><\/p>\n<p><a href=\"https:\/\/www.mundogiras.com\">https:\/\/www.mundogiras.com<\/a><\/p>\n","protected":false},"excerpt":{"rendered":"<p>Desde sua primeira edi\u00e7\u00e3o em 2017, o Festival prop\u00f5e ao p\u00fablico um espa\u00e7o onde a diversidade e a integra\u00e7\u00e3o cultural s\u00e3o o foco, fortalecendo a interatividade entre as diferentes representa\u00e7\u00f5es art\u00edsticas do nosso continente. &nbsp; \u00abO Festival MUCHO! \u00e9 territ\u00f3rio de encontro da cultura do nosso continente. Espa\u00e7o de m\u00faltipla express\u00e3o de narrativas onde as [&hellip;]<\/p>\n","protected":false},"author":7,"featured_media":17717,"comment_status":"closed","ping_status":"closed","sticky":false,"template":"","format":"standard","meta":{"footnotes":""},"categories":[218],"tags":[],"class_list":["post-17446","post","type-post","status-publish","format-standard","has-post-thumbnail","hentry","category-noticias-generales-pt"],"lang":"pt","translations":{"pt":17446},"pll_sync_post":[],"post_mailing_queue_ids":[],"_links":{"self":[{"href":"http:\/\/staging.ibermusicas.org\/index.php\/wp-json\/wp\/v2\/posts\/17446","targetHints":{"allow":["GET"]}}],"collection":[{"href":"http:\/\/staging.ibermusicas.org\/index.php\/wp-json\/wp\/v2\/posts"}],"about":[{"href":"http:\/\/staging.ibermusicas.org\/index.php\/wp-json\/wp\/v2\/types\/post"}],"author":[{"embeddable":true,"href":"http:\/\/staging.ibermusicas.org\/index.php\/wp-json\/wp\/v2\/users\/7"}],"replies":[{"embeddable":true,"href":"http:\/\/staging.ibermusicas.org\/index.php\/wp-json\/wp\/v2\/comments?post=17446"}],"version-history":[{"count":1,"href":"http:\/\/staging.ibermusicas.org\/index.php\/wp-json\/wp\/v2\/posts\/17446\/revisions"}],"predecessor-version":[{"id":17447,"href":"http:\/\/staging.ibermusicas.org\/index.php\/wp-json\/wp\/v2\/posts\/17446\/revisions\/17447"}],"wp:featuredmedia":[{"embeddable":true,"href":"http:\/\/staging.ibermusicas.org\/index.php\/wp-json\/wp\/v2\/media\/17717"}],"wp:attachment":[{"href":"http:\/\/staging.ibermusicas.org\/index.php\/wp-json\/wp\/v2\/media?parent=17446"}],"wp:term":[{"taxonomy":"category","embeddable":true,"href":"http:\/\/staging.ibermusicas.org\/index.php\/wp-json\/wp\/v2\/categories?post=17446"},{"taxonomy":"post_tag","embeddable":true,"href":"http:\/\/staging.ibermusicas.org\/index.php\/wp-json\/wp\/v2\/tags?post=17446"}],"curies":[{"name":"wp","href":"https:\/\/api.w.org\/{rel}","templated":true}]}}