{"id":17448,"date":"2023-11-29T22:39:16","date_gmt":"2023-11-29T22:39:16","guid":{"rendered":"http:\/\/staging.ibermusicas.org\/?p=17448"},"modified":"2024-01-15T15:01:53","modified_gmt":"2024-01-15T15:01:53","slug":"la-cantautora-paraguaya-lucero-sarambi-presenta-sus-canciones-hechas-de-experiencias-de-conexion-con-la-ancestralidad-y-la-voz-propia","status":"publish","type":"post","link":"http:\/\/staging.ibermusicas.org\/index.php\/la-cantautora-paraguaya-lucero-sarambi-presenta-sus-canciones-hechas-de-experiencias-de-conexion-con-la-ancestralidad-y-la-voz-propia\/","title":{"rendered":"La cantautora paraguaya Lucero Sarambi, presenta sus canciones hechas de experiencias, de conexi\u00f3n con la ancestralidad y la voz propia"},"content":{"rendered":"<p>\u201cOda al amor desapegado\u201d se titula su nuevo lanzamiento, segundo adelanto de su primer disco. Esta canci\u00f3n con aire de bolero nos desea experiencias agradables al momento de vincularnos con otras personas, entendiendo que la gesti\u00f3n de emociones y el relacionamiento son dificultades muy presentes en la sociedad.<\/p>\n<p>&nbsp;<\/p>\n<p>Durante su carrera pas\u00f3 por varios g\u00e9neros musicales, adoptando el folclore latinoamericano como inspiraci\u00f3n en sus composiciones. Ganadora del IX Premio Iberm\u00fasicas a la creaci\u00f3n de canciones, cuenta con un EP titulado \u201cOrmitar\u201d lanzado en el a\u00f1o 2021. Fue seleccionada como compositora en el proyecto Jeporeka, de Berta Rojas, donde tuvo la oportunidad de aprender de grandes maestros. Form\u00f3 parte de festivales nacionales como el Festival Sorora Vol. 1 y Vol. 3, Kamba Sapuk\u00e1i, Cosquin Rock Py 2023, y festivales independientes internacionales como el UALOQ (formosa) y el AGUERRIDAS (Buenos Aires). Colabora en California Superstars (primera banda de rock femenino en Paraguay) y Passiflorx. Compartio\u0301 con proyectos como la Orquesta Filarmo\u0301nica Guarani\u0301, con quienes viajo\u0301 a Uruguay y tuvo una gira autogestionada por Buenos Aires, Formosa y Corrientes. Su carrera se desarrolla en un ambiente autogestionado, colectivo y en movimiento.<\/p>\n<p>&nbsp;<\/p>\n<p>Lucero Sarambi fue adjudicada con la \u201cAyuda al sector musical en modalidad virtual\u201d de Iberm\u00fasicas y con esto estrenar\u00e1 su nuevo lanzamiento en todas las plataformas digitales.<\/p>\n<p>&nbsp;<\/p>\n<p>&nbsp;<\/p>\n<p>A partir del 15 de diciembre en todas las plataformas<\/p>\n<p><a href=\"https:\/\/linktr.ee\/Sarambi\">https:\/\/linktr.ee\/Sarambi<\/a><\/p>\n","protected":false},"excerpt":{"rendered":"<p>\u201cOda al amor desapegado\u201d se titula su nuevo lanzamiento, segundo adelanto de su primer disco. Esta canci\u00f3n con aire de bolero nos desea experiencias agradables al momento de vincularnos con otras personas, entendiendo que la gesti\u00f3n de emociones y el relacionamiento son dificultades muy presentes en la sociedad. &nbsp; Durante su carrera pas\u00f3 por varios [&hellip;]<\/p>\n","protected":false},"author":7,"featured_media":17718,"comment_status":"closed","ping_status":"closed","sticky":false,"template":"","format":"standard","meta":{"footnotes":""},"categories":[53],"tags":[],"class_list":["post-17448","post","type-post","status-publish","format-standard","has-post-thumbnail","hentry","category-noticias-generales"],"lang":"es","translations":{"es":17448},"pll_sync_post":[],"post_mailing_queue_ids":[],"_links":{"self":[{"href":"http:\/\/staging.ibermusicas.org\/index.php\/wp-json\/wp\/v2\/posts\/17448","targetHints":{"allow":["GET"]}}],"collection":[{"href":"http:\/\/staging.ibermusicas.org\/index.php\/wp-json\/wp\/v2\/posts"}],"about":[{"href":"http:\/\/staging.ibermusicas.org\/index.php\/wp-json\/wp\/v2\/types\/post"}],"author":[{"embeddable":true,"href":"http:\/\/staging.ibermusicas.org\/index.php\/wp-json\/wp\/v2\/users\/7"}],"replies":[{"embeddable":true,"href":"http:\/\/staging.ibermusicas.org\/index.php\/wp-json\/wp\/v2\/comments?post=17448"}],"version-history":[{"count":1,"href":"http:\/\/staging.ibermusicas.org\/index.php\/wp-json\/wp\/v2\/posts\/17448\/revisions"}],"predecessor-version":[{"id":17450,"href":"http:\/\/staging.ibermusicas.org\/index.php\/wp-json\/wp\/v2\/posts\/17448\/revisions\/17450"}],"wp:featuredmedia":[{"embeddable":true,"href":"http:\/\/staging.ibermusicas.org\/index.php\/wp-json\/wp\/v2\/media\/17718"}],"wp:attachment":[{"href":"http:\/\/staging.ibermusicas.org\/index.php\/wp-json\/wp\/v2\/media?parent=17448"}],"wp:term":[{"taxonomy":"category","embeddable":true,"href":"http:\/\/staging.ibermusicas.org\/index.php\/wp-json\/wp\/v2\/categories?post=17448"},{"taxonomy":"post_tag","embeddable":true,"href":"http:\/\/staging.ibermusicas.org\/index.php\/wp-json\/wp\/v2\/tags?post=17448"}],"curies":[{"name":"wp","href":"https:\/\/api.w.org\/{rel}","templated":true}]}}