{"id":17451,"date":"2023-11-29T22:40:22","date_gmt":"2023-11-29T22:40:22","guid":{"rendered":"http:\/\/staging.ibermusicas.org\/?p=17451"},"modified":"2024-01-15T15:02:58","modified_gmt":"2024-01-15T15:02:58","slug":"a-cantora-e-compositora-paraguaia-lucero-sarambi-apresenta-suas-cancoes-feitas-de-experiencias-conexao-com-a-ancestralidade-e-sua-propria-voz","status":"publish","type":"post","link":"http:\/\/staging.ibermusicas.org\/index.php\/a-cantora-e-compositora-paraguaia-lucero-sarambi-apresenta-suas-cancoes-feitas-de-experiencias-conexao-com-a-ancestralidade-e-sua-propria-voz\/","title":{"rendered":"A cantora e compositora paraguaia Lucero Sarambi apresenta suas can\u00e7\u00f5es feitas de experi\u00eancias, conex\u00e3o com a ancestralidade e sua pr\u00f3pria voz"},"content":{"rendered":"<p>\u00abOda al amor desapegado\u00bb (Ode ao amor desapegado) \u00e9 o t\u00edtulo do seu novo lan\u00e7amento, o segundo avan\u00e7o do seu primeiro \u00e1lbum. Este bolero deseja-nos experi\u00eancias agrad\u00e1veis quando nos relacionamos com outras pessoas, compreendendo que a gest\u00e3o das emo\u00e7\u00f5es e das rela\u00e7\u00f5es s\u00e3o dificuldades muito presentes na sociedade.<\/p>\n<p>&nbsp;<\/p>\n<p>Ao longo da sua carreira tem passado por v\u00e1rios g\u00e9neros musicais, adoptando o folclore latino-americano como inspira\u00e7\u00e3o para as suas composi\u00e7\u00f5es. Vencedora do IX Pr\u00eamio Iberm\u00fasicas para a cria\u00e7\u00e3o de can\u00e7\u00f5es, tem um EP intitulado \u00abOrmitar\u00bb lan\u00e7ado em 2021. Foi selecionada como compositora no projeto Jeporeka de Berta Rojas, onde teve a oportunidade de aprender com grandes mestres. Participou em festivais nacionais como Sorora Vol. 1 e Vol. 3, Kamba Sapuk\u00e1i, Cosquin Rock Py 2023, e festivais internacionais independentes como UALOQ (Formosa) e AGUERRIDAS (Buenos Aires). Colabora com California Superstars (primeira banda de rock feminina do Paraguai) e Passiflorx. Partilhou com projectos como a Orquesta Filarm\u00f3nica Guaran\u00ed, com quem viajou para o Uruguai e fez uma digress\u00e3o autogerida em Buenos Aires, Formosa e Corrientes. A sua carreira desenvolve-se num ambiente autogerido, coletivo e em movimento.<\/p>\n<p>&nbsp;<\/p>\n<p>Lucero Sarambi foi premiada com a \u00abAjuda ao sector musical em modalidade virtual\u00bb do Programa Iberm\u00fasicas e com isso far\u00e1 a estreia de seu novo lan\u00e7amento em todas as plataformas digitais.<\/p>\n<p>&nbsp;<\/p>\n<p>&nbsp;<\/p>\n<p>A partir de 15 de dezembro em todas as plataformas<\/p>\n<p><a href=\"https:\/\/linktr.ee\/Sarambi\">https:\/\/linktr.ee\/Sarambi<\/a><\/p>\n<p>&nbsp;<\/p>\n","protected":false},"excerpt":{"rendered":"<p>\u00abOda al amor desapegado\u00bb (Ode ao amor desapegado) \u00e9 o t\u00edtulo do seu novo lan\u00e7amento, o segundo avan\u00e7o do seu primeiro \u00e1lbum. Este bolero deseja-nos experi\u00eancias agrad\u00e1veis quando nos relacionamos com outras pessoas, compreendendo que a gest\u00e3o das emo\u00e7\u00f5es e das rela\u00e7\u00f5es s\u00e3o dificuldades muito presentes na sociedade. &nbsp; Ao longo da sua carreira tem [&hellip;]<\/p>\n","protected":false},"author":7,"featured_media":17718,"comment_status":"closed","ping_status":"closed","sticky":false,"template":"","format":"standard","meta":{"footnotes":""},"categories":[218],"tags":[],"class_list":["post-17451","post","type-post","status-publish","format-standard","has-post-thumbnail","hentry","category-noticias-generales-pt"],"lang":"pt","translations":{"pt":17451},"pll_sync_post":[],"post_mailing_queue_ids":[],"_links":{"self":[{"href":"http:\/\/staging.ibermusicas.org\/index.php\/wp-json\/wp\/v2\/posts\/17451","targetHints":{"allow":["GET"]}}],"collection":[{"href":"http:\/\/staging.ibermusicas.org\/index.php\/wp-json\/wp\/v2\/posts"}],"about":[{"href":"http:\/\/staging.ibermusicas.org\/index.php\/wp-json\/wp\/v2\/types\/post"}],"author":[{"embeddable":true,"href":"http:\/\/staging.ibermusicas.org\/index.php\/wp-json\/wp\/v2\/users\/7"}],"replies":[{"embeddable":true,"href":"http:\/\/staging.ibermusicas.org\/index.php\/wp-json\/wp\/v2\/comments?post=17451"}],"version-history":[{"count":1,"href":"http:\/\/staging.ibermusicas.org\/index.php\/wp-json\/wp\/v2\/posts\/17451\/revisions"}],"predecessor-version":[{"id":17452,"href":"http:\/\/staging.ibermusicas.org\/index.php\/wp-json\/wp\/v2\/posts\/17451\/revisions\/17452"}],"wp:featuredmedia":[{"embeddable":true,"href":"http:\/\/staging.ibermusicas.org\/index.php\/wp-json\/wp\/v2\/media\/17718"}],"wp:attachment":[{"href":"http:\/\/staging.ibermusicas.org\/index.php\/wp-json\/wp\/v2\/media?parent=17451"}],"wp:term":[{"taxonomy":"category","embeddable":true,"href":"http:\/\/staging.ibermusicas.org\/index.php\/wp-json\/wp\/v2\/categories?post=17451"},{"taxonomy":"post_tag","embeddable":true,"href":"http:\/\/staging.ibermusicas.org\/index.php\/wp-json\/wp\/v2\/tags?post=17451"}],"curies":[{"name":"wp","href":"https:\/\/api.w.org\/{rel}","templated":true}]}}