{"id":17456,"date":"2023-11-29T22:43:45","date_gmt":"2023-11-29T22:43:45","guid":{"rendered":"http:\/\/staging.ibermusicas.org\/?p=17456"},"modified":"2024-01-15T15:04:10","modified_gmt":"2024-01-15T15:04:10","slug":"eusebio-sanchez-apresenta-o-seu-projeto-a-q-uatico-musica-para-agua-e-eletronica-ao-vivo","status":"publish","type":"post","link":"http:\/\/staging.ibermusicas.org\/index.php\/eusebio-sanchez-apresenta-o-seu-projeto-a-q-uatico-musica-para-agua-e-eletronica-ao-vivo\/","title":{"rendered":"Eusebio S\u00e1nchez apresenta o seu projeto a-Q-u\u00e1tico &#8211; M\u00fasica para \u00e1gua e eletr\u00f3nica ao vivo"},"content":{"rendered":"<p>O projeto a-Q-u\u00e1tico inclui a performance musical \u00abDuctus\u00bb, cuja mat\u00e9ria-prima para a cria\u00e7\u00e3o de som \u00e9 a \u00e1gua. A \u00e1gua como meio de cria\u00e7\u00e3o \u00e9 explorada atrav\u00e9s de tecnologias como a amplifica\u00e7\u00e3o, programa\u00e7\u00e3o, hidrofones e eletr\u00f3nica ao vivo.<\/p>\n<p>&nbsp;<\/p>\n<p>A \u00e1gua \u00e9 a for\u00e7a motriz de toda a natureza. A m\u00fasica &#8211; e as artes &#8211; s\u00e3o conhecidas por imitar ou representar a natureza. Na m\u00fasica ocidental, h\u00e1 exemplos claros de obras cujo universo est\u00e9tico foi moldado pela tentativa de captar a realidade dos elementos naturais nas melodias. Hoje em dia, a barreira quase inexistente entre a m\u00fasica e a arte sonora torna poss\u00edvel a utiliza\u00e7\u00e3o dos elementos n\u00e3o como motivo mas como mat\u00e9ria-prima do discurso c\u00e9nico.<\/p>\n<p>&nbsp;<\/p>\n<p>O objeto de estudo inclui obras dos compositores Jorge G\u00f3mez Elizondo, Rodrigo Zarate, Sandra Muci\u00f1o, Marysia Lojko e do propio Eusebio S\u00e1nchez.<\/p>\n<p>&nbsp;<\/p>\n<p>Atrav\u00e9s desta cria\u00e7\u00e3o c\u00eanica e da arte sonora, pretende-se refletir sobre as condi\u00e7\u00f5es sociais e pol\u00edticas da atualidade no estado de Nuevo Le\u00f3n (e no norte do pa\u00eds &#8211; M\u00e9xico) no que diz respeito \u00e0 situa\u00e7\u00e3o da \u00e1gua.<\/p>\n<p>&nbsp;<\/p>\n<p>Este interc\u00e2mbio cultural pretende ser levado a cabo atrav\u00e9s da rela\u00e7\u00e3o entre o artista Eusebio S\u00e1nchez (M\u00e9xico) e a Universidade de Barcelona (Espanha), bem como de uma colabora\u00e7\u00e3o com a Anton Bruckner Privatuniversit\u00e4t (Linz, \u00c1ustria), com o objetivo de sensibilizar para a utiliza\u00e7\u00e3o deste recurso natural &#8211; a \u00e1gua &#8211; que nos diz respeito a todos.<\/p>\n<p>&nbsp;<\/p>\n<p>O projeto de Eusebio S\u00e1nchez foi premiado pelo Programa Iberm\u00fasicas na sua linha de Ajuda ao Sector da M\u00fasica em Modalidade Virtual.<\/p>\n<ul>\n<li>20 de dezembro, 20h: Concerto virtual desde Monterrey, M\u00e9xico. www.facebook.com\/eusebiosanchezmusic<\/li>\n<li>\u00a021 de dezembro, 20h: Concerto Ductus: Festival Artes Vivas no Espacio Expectante, Monterrey, M\u00e9xico.<\/li>\n<\/ul>\n","protected":false},"excerpt":{"rendered":"<p>O projeto a-Q-u\u00e1tico inclui a performance musical \u00abDuctus\u00bb, cuja mat\u00e9ria-prima para a cria\u00e7\u00e3o de som \u00e9 a \u00e1gua. A \u00e1gua como meio de cria\u00e7\u00e3o \u00e9 explorada atrav\u00e9s de tecnologias como a amplifica\u00e7\u00e3o, programa\u00e7\u00e3o, hidrofones e eletr\u00f3nica ao vivo. &nbsp; A \u00e1gua \u00e9 a for\u00e7a motriz de toda a natureza. A m\u00fasica &#8211; e as artes [&hellip;]<\/p>\n","protected":false},"author":7,"featured_media":17719,"comment_status":"closed","ping_status":"closed","sticky":false,"template":"","format":"standard","meta":{"footnotes":""},"categories":[218],"tags":[],"class_list":["post-17456","post","type-post","status-publish","format-standard","has-post-thumbnail","hentry","category-noticias-generales-pt"],"lang":"pt","translations":{"pt":17456},"pll_sync_post":[],"post_mailing_queue_ids":[],"_links":{"self":[{"href":"http:\/\/staging.ibermusicas.org\/index.php\/wp-json\/wp\/v2\/posts\/17456","targetHints":{"allow":["GET"]}}],"collection":[{"href":"http:\/\/staging.ibermusicas.org\/index.php\/wp-json\/wp\/v2\/posts"}],"about":[{"href":"http:\/\/staging.ibermusicas.org\/index.php\/wp-json\/wp\/v2\/types\/post"}],"author":[{"embeddable":true,"href":"http:\/\/staging.ibermusicas.org\/index.php\/wp-json\/wp\/v2\/users\/7"}],"replies":[{"embeddable":true,"href":"http:\/\/staging.ibermusicas.org\/index.php\/wp-json\/wp\/v2\/comments?post=17456"}],"version-history":[{"count":1,"href":"http:\/\/staging.ibermusicas.org\/index.php\/wp-json\/wp\/v2\/posts\/17456\/revisions"}],"predecessor-version":[{"id":17457,"href":"http:\/\/staging.ibermusicas.org\/index.php\/wp-json\/wp\/v2\/posts\/17456\/revisions\/17457"}],"wp:featuredmedia":[{"embeddable":true,"href":"http:\/\/staging.ibermusicas.org\/index.php\/wp-json\/wp\/v2\/media\/17719"}],"wp:attachment":[{"href":"http:\/\/staging.ibermusicas.org\/index.php\/wp-json\/wp\/v2\/media?parent=17456"}],"wp:term":[{"taxonomy":"category","embeddable":true,"href":"http:\/\/staging.ibermusicas.org\/index.php\/wp-json\/wp\/v2\/categories?post=17456"},{"taxonomy":"post_tag","embeddable":true,"href":"http:\/\/staging.ibermusicas.org\/index.php\/wp-json\/wp\/v2\/tags?post=17456"}],"curies":[{"name":"wp","href":"https:\/\/api.w.org\/{rel}","templated":true}]}}