{"id":17461,"date":"2023-11-29T22:46:06","date_gmt":"2023-11-29T22:46:06","guid":{"rendered":"http:\/\/staging.ibermusicas.org\/?p=17461"},"modified":"2024-01-15T14:06:57","modified_gmt":"2024-01-15T14:06:57","slug":"daniel-anselmi-musico-produtor-e-academico-uruguaio-actuara-ao-vivo-no-clube-red58-em-barcelona","status":"publish","type":"post","link":"http:\/\/staging.ibermusicas.org\/index.php\/daniel-anselmi-musico-produtor-e-academico-uruguaio-actuara-ao-vivo-no-clube-red58-em-barcelona\/","title":{"rendered":"Daniel Anselmi, m\u00fasico, produtor e acad\u00e9mico uruguaio, actuar\u00e1 ao vivo no clube RED58 em Barcelona"},"content":{"rendered":"<p>Daniel Anselmi, m\u00fasico, produtor e acad\u00e9mico uruguaio, actuar\u00e1 ao vivo na discoteca RED58 de Barcelona, como parte do \u00faltimo showcase da editora Sequalog, onde lan\u00e7ou o seu \u00e1lbum completo Radio Tokyo em vinil duplo.<\/p>\n<p>&nbsp;<\/p>\n<p>O evento consiste num alinhamento de artistas da editora, tanto em formato de live set como de DJ set, mostrando o estilo da editora, alinhado com o techno, house e electro de Detroit com ra\u00edzes nos anos 90.<\/p>\n<p>&nbsp;<\/p>\n<p>A atua\u00e7\u00e3o ao vivo desdobra-se num desenvolvimento tem\u00e1tico dos momentos mais reconhec\u00edveis do \u00e1lbum, sob a linha concetual de retro-futurismo que d\u00e1 o mote ao trabalho e com espa\u00e7o para improvisa\u00e7\u00e3o e desenvolvimento.<\/p>\n<p>&nbsp;<\/p>\n<p>Radio Tokyo \u00e9 uma obra concetual, com caracter\u00edsticas de banda sonora de anime levada para a est\u00e9tica da pista de dan\u00e7a e concebida para ser executada tanto em ambientes de audi\u00e7\u00e3o como em clubes de m\u00fasica eletr\u00f3nica. Est\u00e1 dividida em 8 actos que contam a hist\u00f3ria e as personagens atrav\u00e9s da cria\u00e7\u00e3o de cl\u00edmaxes e ritmos que evoluem em camadas euclidianas. Ao vivo a obra \u00e9 desconstru\u00edda para que possa ser manipulada e contextualizada de acordo com o tipo de atua\u00e7\u00e3o, de modo a que surjam novas leituras do tema inicial, sendo cada vez diferente da anterior.<\/p>\n<p>&nbsp;<\/p>\n<p>Nos seus live sets Anselmi utiliza uma s\u00e9rie de ferramentas electr\u00f3nicas (sequenciadores, samplers, efeitos) que lhe permitem gerar um discurso male\u00e1vel e gerir climas de acordo com a intera\u00e7\u00e3o com o p\u00fablico e a utiliza\u00e7\u00e3o de diversas t\u00e9cnicas generativas.<\/p>\n<p>&nbsp;<\/p>\n<p>Este projeto \u00e9 apoiado pelo Iberm\u00fasicas atrav\u00e9s das suas Ajudas \u00e0 Circula\u00e7\u00e3o.<\/p>\n<p>&nbsp;<\/p>\n<p>S\u00e1bado 23 de dezembro na RED 58, Barcelona, Espanha<\/p>\n","protected":false},"excerpt":{"rendered":"<p>Daniel Anselmi, m\u00fasico, produtor e acad\u00e9mico uruguaio, actuar\u00e1 ao vivo na discoteca RED58 de Barcelona, como parte do \u00faltimo showcase da editora Sequalog, onde lan\u00e7ou o seu \u00e1lbum completo Radio Tokyo em vinil duplo. &nbsp; O evento consiste num alinhamento de artistas da editora, tanto em formato de live set como de DJ set, mostrando [&hellip;]<\/p>\n","protected":false},"author":7,"featured_media":17720,"comment_status":"closed","ping_status":"closed","sticky":false,"template":"","format":"standard","meta":{"footnotes":""},"categories":[218],"tags":[],"class_list":["post-17461","post","type-post","status-publish","format-standard","has-post-thumbnail","hentry","category-noticias-generales-pt"],"lang":"pt","translations":{"pt":17461},"pll_sync_post":[],"post_mailing_queue_ids":[],"_links":{"self":[{"href":"http:\/\/staging.ibermusicas.org\/index.php\/wp-json\/wp\/v2\/posts\/17461","targetHints":{"allow":["GET"]}}],"collection":[{"href":"http:\/\/staging.ibermusicas.org\/index.php\/wp-json\/wp\/v2\/posts"}],"about":[{"href":"http:\/\/staging.ibermusicas.org\/index.php\/wp-json\/wp\/v2\/types\/post"}],"author":[{"embeddable":true,"href":"http:\/\/staging.ibermusicas.org\/index.php\/wp-json\/wp\/v2\/users\/7"}],"replies":[{"embeddable":true,"href":"http:\/\/staging.ibermusicas.org\/index.php\/wp-json\/wp\/v2\/comments?post=17461"}],"version-history":[{"count":1,"href":"http:\/\/staging.ibermusicas.org\/index.php\/wp-json\/wp\/v2\/posts\/17461\/revisions"}],"predecessor-version":[{"id":17464,"href":"http:\/\/staging.ibermusicas.org\/index.php\/wp-json\/wp\/v2\/posts\/17461\/revisions\/17464"}],"wp:featuredmedia":[{"embeddable":true,"href":"http:\/\/staging.ibermusicas.org\/index.php\/wp-json\/wp\/v2\/media\/17720"}],"wp:attachment":[{"href":"http:\/\/staging.ibermusicas.org\/index.php\/wp-json\/wp\/v2\/media?parent=17461"}],"wp:term":[{"taxonomy":"category","embeddable":true,"href":"http:\/\/staging.ibermusicas.org\/index.php\/wp-json\/wp\/v2\/categories?post=17461"},{"taxonomy":"post_tag","embeddable":true,"href":"http:\/\/staging.ibermusicas.org\/index.php\/wp-json\/wp\/v2\/tags?post=17461"}],"curies":[{"name":"wp","href":"https:\/\/api.w.org\/{rel}","templated":true}]}}