{"id":17465,"date":"2023-11-29T22:47:17","date_gmt":"2023-11-29T22:47:17","guid":{"rendered":"http:\/\/staging.ibermusicas.org\/?p=17465"},"modified":"2024-01-15T15:05:53","modified_gmt":"2024-01-15T15:05:53","slug":"presentamos-itinerario-cancion-las-playlists-de-las-canciones-ganadoras-de-ibermusicas","status":"publish","type":"post","link":"http:\/\/staging.ibermusicas.org\/index.php\/presentamos-itinerario-cancion-las-playlists-de-las-canciones-ganadoras-de-ibermusicas\/","title":{"rendered":"Presentamos \u201cItinerario Canci\u00f3n\u201d, las playlists de las canciones ganadoras de Iberm\u00fasicas"},"content":{"rendered":"<p><strong>Hoy recomendamos\u00a0 \u201cTierra Encendida\u201d<\/strong><\/p>\n<p>&nbsp;<\/p>\n<p><em>\u201cDesde la ra\u00edz proyectando hacia el futuro. M\u00fasicas que se expanden desde lo tradicional hacia nuevos rumbos abrazando la diversidad y la b\u00fasqueda de la propia identidad\u201d.<\/em><\/p>\n<p>En todas las ediciones de nuestro concurso de Creaci\u00f3n de Canci\u00f3n han sido premiados m\u00e1s de un centenar de cancionistas. Todas las obras premiadas fueron canciones in\u00e9ditas especialmente creadas para ser presentadas a nuestro concurso. Hoy todas esas canciones se entrecruzan aqu\u00ed para enlazar a los pa\u00edses de Iberoam\u00e9rica al amparo de la m\u00fasica y la poes\u00eda.<\/p>\n<p><strong>\u00a0<\/strong><\/p>\n<p><a href=\"https:\/\/open.spotify.com\/playlist\/6dvZ3GPuhoQmJ5itJGiH6G?si=286ec65833b84767\">https:\/\/open.spotify.com\/playlist\/6dvZ3GPuhoQmJ5itJGiH6G?si=286ec65833b84767<\/a><\/p>\n<p>&nbsp;<\/p>\n<p>Con canciones compuestas por: Jorge Iv\u00e1n (Cuba), Daniel Wolff (Brasil), Alejo Garc\u00eda (Colombia), Daniel Pati\u00f1o (Costa Rica), La L\u00e1 (Per\u00fa), Pilmaiqu\u00e9n Mlikota (Argentina), Manuel Monestel (Costa Rica), Leandro Maia (Brasil), Eme Alfonso (Cuba), Eduardo Est\u00e9vez (Espa\u00f1a), Georgina Hassan (Argentina), Enrique Rojas (Venezuela), Sebasti\u00e1n Jantos (Uruguay), Alonso Borja G\u00f3mez (M\u00e9xico), Lataty (Chile), Sylvia (Per\u00fa), Kalmar de la mar (Ecuador), Kenneth Saravia (Per\u00fa), Magal\u00ed Falcoff (Argentina), Mar\u00f3 (Per\u00fa), Karol Barboza (Costa Rica), Mar\u00eda Mulata (Colombia), Nicol\u00e1s Sadovnik (Colombia), Ana Robles (Argentina), Valentina A\u00f1ez (Colombia), Manu Moreno (Venezuela), Lucero Saramb\u00ed (Paraguay), Liz Leticia Martinez Ramirez (Brasil), Juan Pablo Silva (Uruguay), Paulina Parga (M\u00e9xico), Majo Clutet (Argentina), Javier Sicardi (Argentina), Federico Riefel (Uruguay), Luis Ch\u00e1vez Ch\u00e1vez (Chile), Laura Osorio (Colombia), Gustavo Pablo Moraga Gonz\u00e1lez (Chile), Luis Diego Sol\u00f3rzano (Costa Rica), Sadiel Madrazo (Cuba), Paulina P\u00e9rez (Chile), Diego Gonzalez Herrera (Uruguay), Rodrigo Salles (Brasil), Diogo Pic\u00e3o (Portugal), Juanita A\u00f1ez (Colombia), V\u00edctor Riveros (Paraguay), Marcelino Guerra (Panam\u00e1), Paz Mera (Chile), Daniela L\u00f3pez (Colombia), Mathieu Ruz (Colombia), Barzo Costa Rica), Charly Ralos (Ecuador), Marco Andreu (Chile), Julio Zavala (Per\u00fa), Karla Lamboglia (Panam\u00e1) y Eli Almic con F5 (Uruguay)<\/p>\n","protected":false},"excerpt":{"rendered":"<p>Hoy recomendamos\u00a0 \u201cTierra Encendida\u201d &nbsp; \u201cDesde la ra\u00edz proyectando hacia el futuro. M\u00fasicas que se expanden desde lo tradicional hacia nuevos rumbos abrazando la diversidad y la b\u00fasqueda de la propia identidad\u201d. En todas las ediciones de nuestro concurso de Creaci\u00f3n de Canci\u00f3n han sido premiados m\u00e1s de un centenar de cancionistas. Todas las obras [&hellip;]<\/p>\n","protected":false},"author":7,"featured_media":17721,"comment_status":"closed","ping_status":"closed","sticky":false,"template":"","format":"standard","meta":{"footnotes":""},"categories":[53],"tags":[],"class_list":["post-17465","post","type-post","status-publish","format-standard","has-post-thumbnail","hentry","category-noticias-generales"],"lang":"es","translations":{"es":17465},"pll_sync_post":[],"post_mailing_queue_ids":[],"_links":{"self":[{"href":"http:\/\/staging.ibermusicas.org\/index.php\/wp-json\/wp\/v2\/posts\/17465","targetHints":{"allow":["GET"]}}],"collection":[{"href":"http:\/\/staging.ibermusicas.org\/index.php\/wp-json\/wp\/v2\/posts"}],"about":[{"href":"http:\/\/staging.ibermusicas.org\/index.php\/wp-json\/wp\/v2\/types\/post"}],"author":[{"embeddable":true,"href":"http:\/\/staging.ibermusicas.org\/index.php\/wp-json\/wp\/v2\/users\/7"}],"replies":[{"embeddable":true,"href":"http:\/\/staging.ibermusicas.org\/index.php\/wp-json\/wp\/v2\/comments?post=17465"}],"version-history":[{"count":1,"href":"http:\/\/staging.ibermusicas.org\/index.php\/wp-json\/wp\/v2\/posts\/17465\/revisions"}],"predecessor-version":[{"id":17467,"href":"http:\/\/staging.ibermusicas.org\/index.php\/wp-json\/wp\/v2\/posts\/17465\/revisions\/17467"}],"wp:featuredmedia":[{"embeddable":true,"href":"http:\/\/staging.ibermusicas.org\/index.php\/wp-json\/wp\/v2\/media\/17721"}],"wp:attachment":[{"href":"http:\/\/staging.ibermusicas.org\/index.php\/wp-json\/wp\/v2\/media?parent=17465"}],"wp:term":[{"taxonomy":"category","embeddable":true,"href":"http:\/\/staging.ibermusicas.org\/index.php\/wp-json\/wp\/v2\/categories?post=17465"},{"taxonomy":"post_tag","embeddable":true,"href":"http:\/\/staging.ibermusicas.org\/index.php\/wp-json\/wp\/v2\/tags?post=17465"}],"curies":[{"name":"wp","href":"https:\/\/api.w.org\/{rel}","templated":true}]}}