{"id":17468,"date":"2023-11-29T22:48:24","date_gmt":"2023-11-29T22:48:24","guid":{"rendered":"http:\/\/staging.ibermusicas.org\/?p=17468"},"modified":"2024-01-15T15:07:51","modified_gmt":"2024-01-15T15:07:51","slug":"apresentamos-itinerario-cancao-as-listas-de-reproducao-das-musicas-vencedoras-do-ibermusicas","status":"publish","type":"post","link":"http:\/\/staging.ibermusicas.org\/index.php\/apresentamos-itinerario-cancao-as-listas-de-reproducao-das-musicas-vencedoras-do-ibermusicas\/","title":{"rendered":"Apresentamos \u201cItiner\u00e1rio Can\u00e7\u00e3o\u201d, as listas de reprodu\u00e7\u00e3o das m\u00fasicas vencedoras do Iberm\u00fasicas"},"content":{"rendered":"<p><strong>Hoje recomendamos \u00abTierra Encendida\u00bb.<\/strong><\/p>\n<p>&nbsp;<\/p>\n<p><em>\u00abDas ra\u00edzes se projetando para o futuro. M\u00fasica que se expande do tradicional para novas dire\u00e7\u00f5es, abra\u00e7ando a diversidade e a busca de sua pr\u00f3pria identidade\u00bb.<\/em><\/p>\n<p>Em todas as edi\u00e7\u00f5es do nosso concurso de Cria\u00e7\u00e3o de Can\u00e7\u00f5es, mais de cem compositoras e compositores foram premiados. Todos os trabalhos vencedores eram can\u00e7\u00f5es in\u00e9ditas criadas especialmente para serem enviadas ao nosso concurso. Hoje, todas essas can\u00e7\u00f5es est\u00e3o entrela\u00e7adas aqui para unir os pa\u00edses da Ibero-Am\u00e9rica sob a prote\u00e7\u00e3o da m\u00fasica e da poesia.<\/p>\n<p><a href=\"https:\/\/open.spotify.com\/playlist\/6dvZ3GPuhoQmJ5itJGiH6G?si=286ec65833b84767\">https:\/\/open.spotify.com\/playlist\/6dvZ3GPuhoQmJ5itJGiH6G?si=286ec65833b84767<\/a><\/p>\n<p>&nbsp;<\/p>\n<p>Com m\u00fasicas compostas por: Jorge Iv\u00e1n (Cuba), Daniel Wolff (Brasil), Alejo Garc\u00eda (Colombia), Daniel Pati\u00f1o (Costa Rica), La L\u00e1 (Per\u00fa), Pilmaiqu\u00e9n Mlikota (Argentina), Manuel Monestel (Costa Rica), Leandro Maia (Brasil), Eme Alfonso (Cuba), Eduardo Est\u00e9vez (Espa\u00f1a), Georgina Hassan (Argentina), Enrique Rojas (Venezuela), Sebasti\u00e1n Jantos (Uruguay), Alonso Borja G\u00f3mez (M\u00e9xico), Lataty (Chile), Sylvia (Per\u00fa), Kalmar de la mar (Ecuador), Kenneth Saravia (Per\u00fa), Magal\u00ed Falcoff (Argentina), Mar\u00f3 (Per\u00fa), Karol Barboza (Costa Rica), Mar\u00eda Mulata (Colombia), Nicol\u00e1s Sadovnik (Colombia), Ana Robles (Argentina), Valentina A\u00f1ez (Colombia), Manu Moreno (Venezuela), Lucero Saramb\u00ed (Paraguay), Liz Leticia Martinez Ramirez (Brasil), Juan Pablo Silva (Uruguay), Paulina Parga (M\u00e9xico), Majo Clutet (Argentina), Javier Sicardi (Argentina), Federico Riefel (Uruguay), Luis Ch\u00e1vez Ch\u00e1vez (Chile), Laura Osorio (Colombia), Gustavo Pablo Moraga Gonz\u00e1lez (Chile), Luis Diego Sol\u00f3rzano (Costa Rica), Sadiel Madrazo (Cuba), Paulina P\u00e9rez (Chile), Diego Gonzalez Herrera (Uruguay), Rodrigo Salles (Brasil), Diogo Pic\u00e3o (Portugal), Juanita A\u00f1ez (Colombia), V\u00edctor Riveros (Paraguay), Marcelino Guerra (Panam\u00e1), Paz Mera (Chile), Daniela L\u00f3pez (Colombia), Mathieu Ruz (Colombia), Barzo Costa Rica), Charly Ralos (Ecuador), Marco Andreu (Chile), Julio Zavala (Per\u00fa), Karla Lamboglia (Panam\u00e1) y Eli Almic con F5 (Uruguay)<\/p>\n","protected":false},"excerpt":{"rendered":"<p>Hoje recomendamos \u00abTierra Encendida\u00bb. &nbsp; \u00abDas ra\u00edzes se projetando para o futuro. M\u00fasica que se expande do tradicional para novas dire\u00e7\u00f5es, abra\u00e7ando a diversidade e a busca de sua pr\u00f3pria identidade\u00bb. Em todas as edi\u00e7\u00f5es do nosso concurso de Cria\u00e7\u00e3o de Can\u00e7\u00f5es, mais de cem compositoras e compositores foram premiados. Todos os trabalhos vencedores eram [&hellip;]<\/p>\n","protected":false},"author":7,"featured_media":17721,"comment_status":"closed","ping_status":"closed","sticky":false,"template":"","format":"standard","meta":{"footnotes":""},"categories":[218],"tags":[],"class_list":["post-17468","post","type-post","status-publish","format-standard","has-post-thumbnail","hentry","category-noticias-generales-pt"],"lang":"pt","translations":{"pt":17468},"pll_sync_post":[],"post_mailing_queue_ids":[],"_links":{"self":[{"href":"http:\/\/staging.ibermusicas.org\/index.php\/wp-json\/wp\/v2\/posts\/17468","targetHints":{"allow":["GET"]}}],"collection":[{"href":"http:\/\/staging.ibermusicas.org\/index.php\/wp-json\/wp\/v2\/posts"}],"about":[{"href":"http:\/\/staging.ibermusicas.org\/index.php\/wp-json\/wp\/v2\/types\/post"}],"author":[{"embeddable":true,"href":"http:\/\/staging.ibermusicas.org\/index.php\/wp-json\/wp\/v2\/users\/7"}],"replies":[{"embeddable":true,"href":"http:\/\/staging.ibermusicas.org\/index.php\/wp-json\/wp\/v2\/comments?post=17468"}],"version-history":[{"count":1,"href":"http:\/\/staging.ibermusicas.org\/index.php\/wp-json\/wp\/v2\/posts\/17468\/revisions"}],"predecessor-version":[{"id":17469,"href":"http:\/\/staging.ibermusicas.org\/index.php\/wp-json\/wp\/v2\/posts\/17468\/revisions\/17469"}],"wp:featuredmedia":[{"embeddable":true,"href":"http:\/\/staging.ibermusicas.org\/index.php\/wp-json\/wp\/v2\/media\/17721"}],"wp:attachment":[{"href":"http:\/\/staging.ibermusicas.org\/index.php\/wp-json\/wp\/v2\/media?parent=17468"}],"wp:term":[{"taxonomy":"category","embeddable":true,"href":"http:\/\/staging.ibermusicas.org\/index.php\/wp-json\/wp\/v2\/categories?post=17468"},{"taxonomy":"post_tag","embeddable":true,"href":"http:\/\/staging.ibermusicas.org\/index.php\/wp-json\/wp\/v2\/tags?post=17468"}],"curies":[{"name":"wp","href":"https:\/\/api.w.org\/{rel}","templated":true}]}}