{"id":17470,"date":"2023-11-30T12:39:51","date_gmt":"2023-11-30T12:39:51","guid":{"rendered":"http:\/\/staging.ibermusicas.org\/?p=17470"},"modified":"2024-02-02T12:52:28","modified_gmt":"2024-02-02T12:52:28","slug":"muy-feliz-2024","status":"publish","type":"post","link":"http:\/\/staging.ibermusicas.org\/index.php\/muy-feliz-2024\/","title":{"rendered":"\u00a1\u00a1Muy Feliz 2024!!"},"content":{"rendered":"<p>En este a\u00f1o que culmina y para este que comienza, quienes hacemos Iberm\u00fasicas queremos compartir con toda la comunidad musical iberoamericana, nuestros mejores deseos.<\/p>\n<p>Tenemos la dicha de comunicarnos y de encontrarnos mediante la m\u00fasica, tal vez el m\u00e1s hermoso y universal de los lenguajes. Deseamos que nuestras m\u00fasicas sean siempre un instrumento de paz, amor, belleza, alegr\u00eda y solidaridad para toda la humanidad.<\/p>\n<p>Recientemente hemos publicado los resultados de nuestras convocatorias 2023 con la gran novedad de haber incorporado al mundo entero como destino posible de las actividades de nuestras beneficiarias y nuestros beneficiarios. Adem\u00e1s de Argentina, Brasil, Chile, Colombia, Costa Rica, Cuba, Ecuador, El Salvador, Guatemala, Honduras, Espa\u00f1a, M\u00e9xico, Panam\u00e1, Paraguay, Per\u00fa, Portugal, Uruguay y Venezuela, este a\u00f1o Iberm\u00fasicas llega a Alemania, Canad\u00e1, Cabo Verde, China, Dinamarca, Estados Unidos, Estonia, Grecia, Francia, Italia, Nepal, Noruega, Pa\u00edses Bajos, Reino Unido, Rep\u00fablica Democr\u00e1tica del Congo, Suecia y Suiza.<\/p>\n<p>Nos sentimos orgullosos de llevar las m\u00fasicas iberoamericanas a todo el mundo. Brindamos por un nuevo a\u00f1o lleno de m\u00fasica. Que nos encuentre unidos y que nos lleve por nuevos horizontes.<\/p>\n","protected":false},"excerpt":{"rendered":"<p>En este a\u00f1o que culmina y para este que comienza, quienes hacemos Iberm\u00fasicas queremos compartir con toda la comunidad musical iberoamericana, nuestros mejores deseos. Tenemos la dicha de comunicarnos y de encontrarnos mediante la m\u00fasica, tal vez el m\u00e1s hermoso y universal de los lenguajes. Deseamos que nuestras m\u00fasicas sean siempre un instrumento de paz, [&hellip;]<\/p>\n","protected":false},"author":7,"featured_media":17706,"comment_status":"closed","ping_status":"closed","sticky":false,"template":"","format":"standard","meta":{"footnotes":""},"categories":[53],"tags":[],"class_list":["post-17470","post","type-post","status-publish","format-standard","has-post-thumbnail","hentry","category-noticias-generales"],"lang":"es","translations":{"es":17470},"pll_sync_post":[],"post_mailing_queue_ids":[],"_links":{"self":[{"href":"http:\/\/staging.ibermusicas.org\/index.php\/wp-json\/wp\/v2\/posts\/17470","targetHints":{"allow":["GET"]}}],"collection":[{"href":"http:\/\/staging.ibermusicas.org\/index.php\/wp-json\/wp\/v2\/posts"}],"about":[{"href":"http:\/\/staging.ibermusicas.org\/index.php\/wp-json\/wp\/v2\/types\/post"}],"author":[{"embeddable":true,"href":"http:\/\/staging.ibermusicas.org\/index.php\/wp-json\/wp\/v2\/users\/7"}],"replies":[{"embeddable":true,"href":"http:\/\/staging.ibermusicas.org\/index.php\/wp-json\/wp\/v2\/comments?post=17470"}],"version-history":[{"count":1,"href":"http:\/\/staging.ibermusicas.org\/index.php\/wp-json\/wp\/v2\/posts\/17470\/revisions"}],"predecessor-version":[{"id":17471,"href":"http:\/\/staging.ibermusicas.org\/index.php\/wp-json\/wp\/v2\/posts\/17470\/revisions\/17471"}],"wp:featuredmedia":[{"embeddable":true,"href":"http:\/\/staging.ibermusicas.org\/index.php\/wp-json\/wp\/v2\/media\/17706"}],"wp:attachment":[{"href":"http:\/\/staging.ibermusicas.org\/index.php\/wp-json\/wp\/v2\/media?parent=17470"}],"wp:term":[{"taxonomy":"category","embeddable":true,"href":"http:\/\/staging.ibermusicas.org\/index.php\/wp-json\/wp\/v2\/categories?post=17470"},{"taxonomy":"post_tag","embeddable":true,"href":"http:\/\/staging.ibermusicas.org\/index.php\/wp-json\/wp\/v2\/tags?post=17470"}],"curies":[{"name":"wp","href":"https:\/\/api.w.org\/{rel}","templated":true}]}}