{"id":17473,"date":"2023-11-30T12:44:13","date_gmt":"2023-11-30T12:44:13","guid":{"rendered":"http:\/\/staging.ibermusicas.org\/?p=17473"},"modified":"2024-02-02T12:50:39","modified_gmt":"2024-02-02T12:50:39","slug":"muito-feliz-2024","status":"publish","type":"post","link":"http:\/\/staging.ibermusicas.org\/index.php\/muito-feliz-2024\/","title":{"rendered":"\u00a1Muito Feliz 2024!"},"content":{"rendered":"<p>Neste ano que est\u00e1 terminando e para este que est\u00e1 come\u00e7ando, n\u00f3s que fazemos o Iberm\u00fasicas gostar\u00edamos de compartilhar nossos melhores votos com toda a comunidade musical ibero-americana.<\/p>\n<p>Temos a alegria de nos comunicar e nos encontrar por meio da m\u00fasica, talvez a mais bela e universal das linguagens. Esperamos que nossa m\u00fasica seja sempre um instrumento de paz, amor, beleza, alegria e solidariedade para toda a humanidade.<\/p>\n<p>Recentemente, publicamos os resultados de nossos editais de 2023 com a grande novidade de termos incorporado o mundo inteiro como um poss\u00edvel destino para as atividades de nossas benefici\u00e1rias e nossos benefici\u00e1rios. Al\u00e9m da Argentina, Brasil, Chile, Col\u00f4mbia, Costa Rica, Cuba, Equador, El Salvador, Guatemala, Honduras, Espanha, M\u00e9xico, Panam\u00e1, Paraguai, Peru, Portugal, Uruguai e Venezuela, este ano o Programa Iberm\u00fasicas chega ao Canad\u00e1, Cabo Verde, China, Rep\u00fablica Democr\u00e1tica do Congo, Dinamarca, Est\u00f4nia, Alemanha, Gr\u00e9cia, Fran\u00e7a, It\u00e1lia, Nepal, Holanda, Noruega, Su\u00e9cia, Su\u00ed\u00e7a, Reino Unido, Estados Unidos e Estados Unidos.<\/p>\n<p>Temos orgulho de levar a m\u00fasica ibero-americana para o mundo inteiro. Um brinde a um novo ano repleto de m\u00fasica. Que ela nos encontre unidos e que nos leve a novos horizontes.<\/p>\n","protected":false},"excerpt":{"rendered":"<p>Neste ano que est\u00e1 terminando e para este que est\u00e1 come\u00e7ando, n\u00f3s que fazemos o Iberm\u00fasicas gostar\u00edamos de compartilhar nossos melhores votos com toda a comunidade musical ibero-americana. Temos a alegria de nos comunicar e nos encontrar por meio da m\u00fasica, talvez a mais bela e universal das linguagens. Esperamos que nossa m\u00fasica seja sempre [&hellip;]<\/p>\n","protected":false},"author":7,"featured_media":17574,"comment_status":"closed","ping_status":"closed","sticky":false,"template":"","format":"standard","meta":{"footnotes":""},"categories":[218],"tags":[],"class_list":["post-17473","post","type-post","status-publish","format-standard","has-post-thumbnail","hentry","category-noticias-generales-pt"],"lang":"pt","translations":{"pt":17473},"pll_sync_post":[],"post_mailing_queue_ids":[],"_links":{"self":[{"href":"http:\/\/staging.ibermusicas.org\/index.php\/wp-json\/wp\/v2\/posts\/17473","targetHints":{"allow":["GET"]}}],"collection":[{"href":"http:\/\/staging.ibermusicas.org\/index.php\/wp-json\/wp\/v2\/posts"}],"about":[{"href":"http:\/\/staging.ibermusicas.org\/index.php\/wp-json\/wp\/v2\/types\/post"}],"author":[{"embeddable":true,"href":"http:\/\/staging.ibermusicas.org\/index.php\/wp-json\/wp\/v2\/users\/7"}],"replies":[{"embeddable":true,"href":"http:\/\/staging.ibermusicas.org\/index.php\/wp-json\/wp\/v2\/comments?post=17473"}],"version-history":[{"count":3,"href":"http:\/\/staging.ibermusicas.org\/index.php\/wp-json\/wp\/v2\/posts\/17473\/revisions"}],"predecessor-version":[{"id":17476,"href":"http:\/\/staging.ibermusicas.org\/index.php\/wp-json\/wp\/v2\/posts\/17473\/revisions\/17476"}],"wp:featuredmedia":[{"embeddable":true,"href":"http:\/\/staging.ibermusicas.org\/index.php\/wp-json\/wp\/v2\/media\/17574"}],"wp:attachment":[{"href":"http:\/\/staging.ibermusicas.org\/index.php\/wp-json\/wp\/v2\/media?parent=17473"}],"wp:term":[{"taxonomy":"category","embeddable":true,"href":"http:\/\/staging.ibermusicas.org\/index.php\/wp-json\/wp\/v2\/categories?post=17473"},{"taxonomy":"post_tag","embeddable":true,"href":"http:\/\/staging.ibermusicas.org\/index.php\/wp-json\/wp\/v2\/tags?post=17473"}],"curies":[{"name":"wp","href":"https:\/\/api.w.org\/{rel}","templated":true}]}}