{"id":17578,"date":"2023-12-28T19:16:04","date_gmt":"2023-12-28T19:16:04","guid":{"rendered":"http:\/\/staging.ibermusicas.org\/?p=17578"},"modified":"2024-08-28T18:18:00","modified_gmt":"2024-08-28T18:18:00","slug":"nueva-modalidad-para-acceder-al-manual-iberoamericano-de-derechos-intelectuales","status":"publish","type":"post","link":"http:\/\/staging.ibermusicas.org\/index.php\/nueva-modalidad-para-acceder-al-manual-iberoamericano-de-derechos-intelectuales\/","title":{"rendered":"Nueva modalidad para acceder al Manual Iberoamericano de Derechos Intelectuales"},"content":{"rendered":"<p>Ofrecemos una nueva modalidad mucho m\u00e1s c\u00f3moda de acceso al Manual Iberoamericano de Derechos Intelectuales en la M\u00fasica. Ahora es posible ingresar a cada uno de los cap\u00edtulos sin necesidad de descargar el manual completo yendo directamente a aquello que puede resultar de mayor inter\u00e9s para cada uno.<\/p>\n<p>&nbsp;<\/p>\n<p>Considerando que los derechos intelectuales en la m\u00fasica son usualmente desconocidos, incluso entre las personas que desarrollan esta actividad, esta publicaci\u00f3n tiene como objetivo aportar contenido sistematizado que brinde mayores certezas y claridad a la hora de proteger las obras y, asimismo, permita gozar de los beneficios del trabajo en el sector.<\/p>\n<p>Durante muchos a\u00f1os la falta de acceso a una informaci\u00f3n completa y ordenada sobre esta materia hizo que gran cantidad de personas dedicadas a la actividad musical \u2013a la composici\u00f3n, ejecuci\u00f3n o producci\u00f3n fonogr\u00e1fica\u2013, solo conocieran segmentos de sus derechos. Ese conocimiento parcial afect\u00f3 principalmente al sector creativo ya que alent\u00f3 la toma de decisiones equivocadas que no contemplaban c\u00f3mo se encuentran relacionados los diferentes derechos en su protecci\u00f3n y tambi\u00e9n en su cobro.<\/p>\n<p>Es as\u00ed como el Manual realizado por el INAMU y por Iberm\u00fasicas presenta un estado de situaci\u00f3n referido a los derechos intelectuales de la m\u00fasica en un nivel general, y a las especificidades normativas en cada uno de estos pa\u00edses miembros de Iberm\u00fasicas.<\/p>\n<p>Se accede directamente desde nuestra web a trav\u00e9s de la secci\u00f3n \u201cManuales\u201d<\/p>\n","protected":false},"excerpt":{"rendered":"<p>Ofrecemos una nueva modalidad mucho m\u00e1s c\u00f3moda de acceso al Manual Iberoamericano de Derechos Intelectuales en la M\u00fasica. Ahora es posible ingresar a cada uno de los cap\u00edtulos sin necesidad de descargar el manual completo yendo directamente a aquello que puede resultar de mayor inter\u00e9s para cada uno. &nbsp; Considerando que los derechos intelectuales en [&hellip;]<\/p>\n","protected":false},"author":7,"featured_media":9824,"comment_status":"closed","ping_status":"closed","sticky":false,"template":"","format":"standard","meta":{"footnotes":""},"categories":[53],"tags":[],"class_list":["post-17578","post","type-post","status-publish","format-standard","has-post-thumbnail","hentry","category-noticias-generales"],"lang":"es","translations":{"es":17578,"pt":17580},"pll_sync_post":[],"post_mailing_queue_ids":[],"_links":{"self":[{"href":"http:\/\/staging.ibermusicas.org\/index.php\/wp-json\/wp\/v2\/posts\/17578","targetHints":{"allow":["GET"]}}],"collection":[{"href":"http:\/\/staging.ibermusicas.org\/index.php\/wp-json\/wp\/v2\/posts"}],"about":[{"href":"http:\/\/staging.ibermusicas.org\/index.php\/wp-json\/wp\/v2\/types\/post"}],"author":[{"embeddable":true,"href":"http:\/\/staging.ibermusicas.org\/index.php\/wp-json\/wp\/v2\/users\/7"}],"replies":[{"embeddable":true,"href":"http:\/\/staging.ibermusicas.org\/index.php\/wp-json\/wp\/v2\/comments?post=17578"}],"version-history":[{"count":1,"href":"http:\/\/staging.ibermusicas.org\/index.php\/wp-json\/wp\/v2\/posts\/17578\/revisions"}],"predecessor-version":[{"id":17579,"href":"http:\/\/staging.ibermusicas.org\/index.php\/wp-json\/wp\/v2\/posts\/17578\/revisions\/17579"}],"wp:featuredmedia":[{"embeddable":true,"href":"http:\/\/staging.ibermusicas.org\/index.php\/wp-json\/wp\/v2\/media\/9824"}],"wp:attachment":[{"href":"http:\/\/staging.ibermusicas.org\/index.php\/wp-json\/wp\/v2\/media?parent=17578"}],"wp:term":[{"taxonomy":"category","embeddable":true,"href":"http:\/\/staging.ibermusicas.org\/index.php\/wp-json\/wp\/v2\/categories?post=17578"},{"taxonomy":"post_tag","embeddable":true,"href":"http:\/\/staging.ibermusicas.org\/index.php\/wp-json\/wp\/v2\/tags?post=17578"}],"curies":[{"name":"wp","href":"https:\/\/api.w.org\/{rel}","templated":true}]}}