{"id":17582,"date":"2023-12-28T19:33:27","date_gmt":"2023-12-28T19:33:27","guid":{"rendered":"http:\/\/staging.ibermusicas.org\/?p=17582"},"modified":"2024-02-28T20:19:34","modified_gmt":"2024-02-28T20:19:34","slug":"estan-accesibles-en-spotify-las-32-playlists-de-ibermusicas","status":"publish","type":"post","link":"http:\/\/staging.ibermusicas.org\/index.php\/estan-accesibles-en-spotify-las-32-playlists-de-ibermusicas\/","title":{"rendered":"Est\u00e1n accesibles en Spotify las 32 playlists de Iberm\u00fasicas"},"content":{"rendered":"<p>En el marco de los 10 a\u00f1os del Programa Iberm\u00fasicas abrimos con esta iniciativa un nuevo di\u00e1logo en el mundo del streaming. Queremos involucrarnos en la conversaci\u00f3n sonora mundial generando un espacio con propuestas de escuchas no-hegem\u00f3nicas que inviten a recorrer nuevos caminos.<\/p>\n<p>Lanzamos nuestro propio canal en Spotify con dos acciones iniciales: \u201cIdentidades Sonoras\u201d e \u201cItinerario Canci\u00f3n\u201d.<\/p>\n<p>Las distintas expresiones musicales que hacen a los paisajes sonoros de la regi\u00f3n se encuentran aqu\u00ed en \u201cIdentidades Sonoras\u201d curadas por invitadas e invitados especiales de cada uno de los pa\u00edses que integran Iberm\u00fasicas.<\/p>\n<p>Y las canciones ganadoras de todas las ediciones de nuestros concursos de creaci\u00f3n de canci\u00f3n tambi\u00e9n se entrecruzan aqu\u00ed bajo el nombre de \u201cItinerario Canci\u00f3n\u201d.<\/p>\n<p>A la vez hemos generado un amplio cat\u00e1logo de contenidos en nuestro canal de Youtube favoreciendo as\u00ed la accesibilidad a la diversa, f\u00e9rtil y din\u00e1mica producci\u00f3n realizada por las y los beneficiarios de nuestro Programa. All\u00ed se encontrar\u00e1n diversas categor\u00edas como Pa\u00edses, G\u00e9neros musicales, Formaci\u00f3n y Obras premiadas.<\/p>\n<p>Damos as\u00ed un nuevo lugar para la presencia de Iberm\u00fasicas en los canales digitales. Las y los invitamos a este viaje por todo el abanico de colores y sonidos de Iberoam\u00e9rica.<\/p>\n","protected":false},"excerpt":{"rendered":"<p>En el marco de los 10 a\u00f1os del Programa Iberm\u00fasicas abrimos con esta iniciativa un nuevo di\u00e1logo en el mundo del streaming. Queremos involucrarnos en la conversaci\u00f3n sonora mundial generando un espacio con propuestas de escuchas no-hegem\u00f3nicas que inviten a recorrer nuevos caminos. Lanzamos nuestro propio canal en Spotify con dos acciones iniciales: \u201cIdentidades Sonoras\u201d [&hellip;]<\/p>\n","protected":false},"author":7,"featured_media":17746,"comment_status":"closed","ping_status":"closed","sticky":false,"template":"","format":"standard","meta":{"footnotes":""},"categories":[53],"tags":[],"class_list":["post-17582","post","type-post","status-publish","format-standard","has-post-thumbnail","hentry","category-noticias-generales"],"lang":"es","translations":{"es":17582},"pll_sync_post":[],"post_mailing_queue_ids":[],"_links":{"self":[{"href":"http:\/\/staging.ibermusicas.org\/index.php\/wp-json\/wp\/v2\/posts\/17582","targetHints":{"allow":["GET"]}}],"collection":[{"href":"http:\/\/staging.ibermusicas.org\/index.php\/wp-json\/wp\/v2\/posts"}],"about":[{"href":"http:\/\/staging.ibermusicas.org\/index.php\/wp-json\/wp\/v2\/types\/post"}],"author":[{"embeddable":true,"href":"http:\/\/staging.ibermusicas.org\/index.php\/wp-json\/wp\/v2\/users\/7"}],"replies":[{"embeddable":true,"href":"http:\/\/staging.ibermusicas.org\/index.php\/wp-json\/wp\/v2\/comments?post=17582"}],"version-history":[{"count":2,"href":"http:\/\/staging.ibermusicas.org\/index.php\/wp-json\/wp\/v2\/posts\/17582\/revisions"}],"predecessor-version":[{"id":17618,"href":"http:\/\/staging.ibermusicas.org\/index.php\/wp-json\/wp\/v2\/posts\/17582\/revisions\/17618"}],"wp:featuredmedia":[{"embeddable":true,"href":"http:\/\/staging.ibermusicas.org\/index.php\/wp-json\/wp\/v2\/media\/17746"}],"wp:attachment":[{"href":"http:\/\/staging.ibermusicas.org\/index.php\/wp-json\/wp\/v2\/media?parent=17582"}],"wp:term":[{"taxonomy":"category","embeddable":true,"href":"http:\/\/staging.ibermusicas.org\/index.php\/wp-json\/wp\/v2\/categories?post=17582"},{"taxonomy":"post_tag","embeddable":true,"href":"http:\/\/staging.ibermusicas.org\/index.php\/wp-json\/wp\/v2\/tags?post=17582"}],"curies":[{"name":"wp","href":"https:\/\/api.w.org\/{rel}","templated":true}]}}