{"id":17584,"date":"2023-12-28T19:35:55","date_gmt":"2023-12-28T19:35:55","guid":{"rendered":"http:\/\/staging.ibermusicas.org\/?p=17584"},"modified":"2024-02-28T20:20:25","modified_gmt":"2024-02-28T20:20:25","slug":"as-32-playlists-do-ibermusicas-ja-estao-disponiveis-no-spotify","status":"publish","type":"post","link":"http:\/\/staging.ibermusicas.org\/index.php\/as-32-playlists-do-ibermusicas-ja-estao-disponiveis-no-spotify\/","title":{"rendered":"As 32 playlists do Iberm\u00fasicas j\u00e1 est\u00e3o dispon\u00edveis no Spotify\u00a0\u00a0\u00a0"},"content":{"rendered":"<p>No \u00e2mbito do 10\u00ba anivers\u00e1rio do Programa Iberm\u00fasicas, estamos a abrir com esta iniciativa um novo di\u00e1logo no mundo do streaming. Queremos envolver-nos na conversa sonora global, gerando um espa\u00e7o com propostas de escuta n\u00e3o hegem\u00f4nicas que nos convidem a seguir novos caminhos.<\/p>\n<p>Lan\u00e7\u00e1mos o nosso pr\u00f3prio canal no Spotify com duas a\u00e7\u00f5es iniciais: \u201cIdentidades Sonoras\u201d e \u201cItiner\u00e1rio Can\u00e7\u00e3o\u201d.<\/p>\n<p>As diferentes express\u00f5es musicais que comp\u00f5em as paisagens sonoras da regi\u00e3o podem ser encontradas aqui em \u201cIdentidades Sonoras\u201d, com curadoria de convidados especiais de cada um dos pa\u00edses que comp\u00f5em a Iberm\u00fasicas.<\/p>\n<p>E as can\u00e7\u00f5es vencedoras de todas as edi\u00e7\u00f5es dos nossos concursos de cria\u00e7\u00e3o de can\u00e7\u00f5es est\u00e3o tamb\u00e9m aqui entrela\u00e7adas sob o nome de \u201cItiner\u00e1rio Can\u00e7\u00e3o\u201d.<\/p>\n<p>Ao mesmo tempo, geramos um vasto cat\u00e1logo de conte\u00fados no nosso canal Youtube, favorecendo assim a acessibilidade \u00e0 produ\u00e7\u00e3o diversificada, f\u00e9rtil e din\u00e2mica feita pelos benefici\u00e1rios do nosso Programa. A\u00ed encontrar\u00e1 v\u00e1rias categorias tais como Pa\u00edses, G\u00e9neros Musicais, Forma\u00e7\u00e3o e Obras Premiadas.<\/p>\n<p>Este \u00e9 um novo lugar para a presen\u00e7a da Iberm\u00fasicas nos canais digitais. Convidamo-lo para esta viagem por toda a gama de cores e sons da Ibero-Am\u00e9rica.<\/p>\n","protected":false},"excerpt":{"rendered":"<p>No \u00e2mbito do 10\u00ba anivers\u00e1rio do Programa Iberm\u00fasicas, estamos a abrir com esta iniciativa um novo di\u00e1logo no mundo do streaming. Queremos envolver-nos na conversa sonora global, gerando um espa\u00e7o com propostas de escuta n\u00e3o hegem\u00f4nicas que nos convidem a seguir novos caminhos. Lan\u00e7\u00e1mos o nosso pr\u00f3prio canal no Spotify com duas a\u00e7\u00f5es iniciais: \u201cIdentidades [&hellip;]<\/p>\n","protected":false},"author":7,"featured_media":17813,"comment_status":"closed","ping_status":"closed","sticky":false,"template":"","format":"standard","meta":{"footnotes":""},"categories":[218],"tags":[],"class_list":["post-17584","post","type-post","status-publish","format-standard","has-post-thumbnail","hentry","category-noticias-generales-pt"],"lang":"pt","translations":{"pt":17584},"pll_sync_post":[],"post_mailing_queue_ids":[],"_links":{"self":[{"href":"http:\/\/staging.ibermusicas.org\/index.php\/wp-json\/wp\/v2\/posts\/17584","targetHints":{"allow":["GET"]}}],"collection":[{"href":"http:\/\/staging.ibermusicas.org\/index.php\/wp-json\/wp\/v2\/posts"}],"about":[{"href":"http:\/\/staging.ibermusicas.org\/index.php\/wp-json\/wp\/v2\/types\/post"}],"author":[{"embeddable":true,"href":"http:\/\/staging.ibermusicas.org\/index.php\/wp-json\/wp\/v2\/users\/7"}],"replies":[{"embeddable":true,"href":"http:\/\/staging.ibermusicas.org\/index.php\/wp-json\/wp\/v2\/comments?post=17584"}],"version-history":[{"count":2,"href":"http:\/\/staging.ibermusicas.org\/index.php\/wp-json\/wp\/v2\/posts\/17584\/revisions"}],"predecessor-version":[{"id":17619,"href":"http:\/\/staging.ibermusicas.org\/index.php\/wp-json\/wp\/v2\/posts\/17584\/revisions\/17619"}],"wp:featuredmedia":[{"embeddable":true,"href":"http:\/\/staging.ibermusicas.org\/index.php\/wp-json\/wp\/v2\/media\/17813"}],"wp:attachment":[{"href":"http:\/\/staging.ibermusicas.org\/index.php\/wp-json\/wp\/v2\/media?parent=17584"}],"wp:term":[{"taxonomy":"category","embeddable":true,"href":"http:\/\/staging.ibermusicas.org\/index.php\/wp-json\/wp\/v2\/categories?post=17584"},{"taxonomy":"post_tag","embeddable":true,"href":"http:\/\/staging.ibermusicas.org\/index.php\/wp-json\/wp\/v2\/tags?post=17584"}],"curies":[{"name":"wp","href":"https:\/\/api.w.org\/{rel}","templated":true}]}}