{"id":17591,"date":"2023-12-28T19:43:51","date_gmt":"2023-12-28T19:43:51","guid":{"rendered":"http:\/\/staging.ibermusicas.org\/?p=17591"},"modified":"2024-02-28T21:21:40","modified_gmt":"2024-02-28T21:21:40","slug":"la-trovadora-uruguaya-maine-hermo-inicia-una-gira-por-la-patagonia-argentina-junto-a-vito-gutierrez","status":"publish","type":"post","link":"http:\/\/staging.ibermusicas.org\/index.php\/la-trovadora-uruguaya-maine-hermo-inicia-una-gira-por-la-patagonia-argentina-junto-a-vito-gutierrez\/","title":{"rendered":"La trovadora uruguaya Maine Hermo inicia una gira por la Patagonia Argentina junto a Vito Guti\u00e9rrez"},"content":{"rendered":"<p>Maine Hermo es autora e int\u00e9rprete de canciones ciudadanas. Su repertorio de obras propias se expresa casi siempre en el marco de una atm\u00f3sfera intimista, con instrumentos acu\u0301sticos. Sus textos van del lirismo nost\u00e1lgico a la cri\u0301tica social sin desmedro de la dulzura. Toca guitarra y la\u00fad renacentista, mezclando composiciones actuales con aires de m\u00fasica antigua o trovadoresca.<\/p>\n<p>&nbsp;<\/p>\n<p>Maine Hermo egreso\u0301 del Instituto de Profesores \u00abArtigas\u00bb IPA como profesora de Literatura. Posteriormente estudio\u0301 en la misma institucio\u0301n la carrera de Educaci\u00f3n Sonora y Musical. Participo\u0301 del \u201cTaller de la cancio\u0301n poe\u0301tica\u201d a cargo de Eduardo Darnauchans y estudio\u0301 canto con Rossana Taddei\u00a0 y con Laura Canoura. Participo\u0301 como colaboradora del programa radial \u201cEl garage\u201d de UNIRADIO con su columna \u201cNotas al pie de la cancio\u0301n\u201d. Convocada por docentes del Instituto de Profesores \u201cArtigas\u201d (I.P.A) brind\u00f3 un taller de Literatura del Renacimiento para estudiantes de la orientaci\u00f3n de Educaci\u00f3n sonora y musical. Particip\u00f3 como telonera del espect\u00e1culo de Toquinho y Mar\u00eda Creuza en el Auditorio Nacional del Sodre. Particip\u00f3 del taller de composici\u00f3n a cargo de Leo Masliah en la Escuela Universitaria de M\u00fasica. Form\u00f3 parte del equipo de investigaci\u00f3n M\u00fasica-cuerpo-g\u00e9nero junto a docentes de la Escuela Universitaria de M\u00fasica, realizando diversos talleres y ponencias en Montevideo y Buenos Aires.<\/p>\n<p>&nbsp;<\/p>\n<p>Como profesora de Literatura y cantautora, intenta una mirada sobre la palabra cantada. Antigua como la humanidad, la poes\u00eda cantada tiene sus expresiones espec\u00edficas. \u00bfQu\u00e9 po\u00e9tica nos mostr\u00f3 la Historia de occidente con respecto a esas figuras solitarias pero colectivas, individuales pero an\u00f3nimas, los versos profanos del pueblo? \u00bfQu\u00e9 recorrido hicieron la met\u00e1fora y los tropos en la canci\u00f3n? Desde el folclore de Am\u00e9rica hasta la po\u00e9tica m\u00e1s vanguardista, procura los mojones de una palabra que es sonido en el tiempo, y que, con pases m\u00e1gicos, pone fuera lo que estaba dentro.<\/p>\n<p>&nbsp;<\/p>\n<p>Tras haber editado el segundo disco \u00abDel Alquitr\u00e1n\u00bb Maine Hermo inicia una gira de presentaci\u00f3n de sus canciones propias. El objetivo es la formaci\u00f3n de p\u00fablico en una regi\u00f3n nunca antes visitada por la artista. Se trata de conciertos de formato intimista, por varios puntos de la provincia de R\u00edo Negro que integran a Vito Guti\u00e9rrez como guitarrista y compositora.<\/p>\n<p>&nbsp;<\/p>\n<p>Maine Hermo ha sido ganadora de Iberm\u00fasicas en la l\u00ednea de acci\u00f3n de Ayudas para la especializaci\u00f3n y el perfeccionamiento art\u00edstico y t\u00e9cnico del sector musical &#8211; convocatoria 2023<\/p>\n<p>Del 6 al 20 de enero con presentaciones en:<\/p>\n<ul>\n<li>Bariloche (provincia de R\u00edo Negro, Argentina)<\/li>\n<li>La Angostura (provincia de Neuqu\u00e9n, Argentina)<\/li>\n<li>San Mart\u00edn de los Andes (provincia de Neuqu\u00e9n, Argentina)<\/li>\n<li>Jun\u00edn de los Andes (provincia de Neuqu\u00e9n, Argentina)<\/li>\n<li>Comarca Andina (provincias de Chubut y R\u00edo Negro, Argentina)<\/li>\n<\/ul>\n","protected":false},"excerpt":{"rendered":"<p>Maine Hermo es autora e int\u00e9rprete de canciones ciudadanas. Su repertorio de obras propias se expresa casi siempre en el marco de una atm\u00f3sfera intimista, con instrumentos acu\u0301sticos. Sus textos van del lirismo nost\u00e1lgico a la cri\u0301tica social sin desmedro de la dulzura. Toca guitarra y la\u00fad renacentista, mezclando composiciones actuales con aires de m\u00fasica [&hellip;]<\/p>\n","protected":false},"author":7,"featured_media":18059,"comment_status":"closed","ping_status":"closed","sticky":false,"template":"","format":"standard","meta":{"footnotes":""},"categories":[53],"tags":[],"class_list":["post-17591","post","type-post","status-publish","format-standard","has-post-thumbnail","hentry","category-noticias-generales"],"lang":"es","translations":{"es":17591},"pll_sync_post":[],"post_mailing_queue_ids":[],"_links":{"self":[{"href":"http:\/\/staging.ibermusicas.org\/index.php\/wp-json\/wp\/v2\/posts\/17591","targetHints":{"allow":["GET"]}}],"collection":[{"href":"http:\/\/staging.ibermusicas.org\/index.php\/wp-json\/wp\/v2\/posts"}],"about":[{"href":"http:\/\/staging.ibermusicas.org\/index.php\/wp-json\/wp\/v2\/types\/post"}],"author":[{"embeddable":true,"href":"http:\/\/staging.ibermusicas.org\/index.php\/wp-json\/wp\/v2\/users\/7"}],"replies":[{"embeddable":true,"href":"http:\/\/staging.ibermusicas.org\/index.php\/wp-json\/wp\/v2\/comments?post=17591"}],"version-history":[{"count":1,"href":"http:\/\/staging.ibermusicas.org\/index.php\/wp-json\/wp\/v2\/posts\/17591\/revisions"}],"predecessor-version":[{"id":17593,"href":"http:\/\/staging.ibermusicas.org\/index.php\/wp-json\/wp\/v2\/posts\/17591\/revisions\/17593"}],"wp:featuredmedia":[{"embeddable":true,"href":"http:\/\/staging.ibermusicas.org\/index.php\/wp-json\/wp\/v2\/media\/18059"}],"wp:attachment":[{"href":"http:\/\/staging.ibermusicas.org\/index.php\/wp-json\/wp\/v2\/media?parent=17591"}],"wp:term":[{"taxonomy":"category","embeddable":true,"href":"http:\/\/staging.ibermusicas.org\/index.php\/wp-json\/wp\/v2\/categories?post=17591"},{"taxonomy":"post_tag","embeddable":true,"href":"http:\/\/staging.ibermusicas.org\/index.php\/wp-json\/wp\/v2\/tags?post=17591"}],"curies":[{"name":"wp","href":"https:\/\/api.w.org\/{rel}","templated":true}]}}