{"id":17594,"date":"2023-12-28T19:45:28","date_gmt":"2023-12-28T19:45:28","guid":{"rendered":"http:\/\/staging.ibermusicas.org\/?p=17594"},"modified":"2024-02-28T21:23:01","modified_gmt":"2024-02-28T21:23:01","slug":"a-trovadora-uruguaia-maine-hermo-inicia-uma-digressao-pela-patagonia-argentina-com-vito-gutierrez","status":"publish","type":"post","link":"http:\/\/staging.ibermusicas.org\/index.php\/a-trovadora-uruguaia-maine-hermo-inicia-uma-digressao-pela-patagonia-argentina-com-vito-gutierrez\/","title":{"rendered":"A trovadora uruguaia Maine Hermo inicia uma digress\u00e3o pela Patag\u00f3nia Argentina com Vito Guti\u00e9rrez"},"content":{"rendered":"<p>Maine Hermo \u00e9 autora e int\u00e9rprete de can\u00e7\u00f5es da cidade. O seu repert\u00f3rio de obras pr\u00f3prias \u00e9 quase sempre expresso num ambiente intimista, com instrumentos ac\u00fasticos. Os seus textos v\u00e3o do lirismo nost\u00e1lgico \u00e0 cr\u00edtica social, sem perder a do\u00e7ura. Toca guitarra e ala\u00fade renascentista, misturando composi\u00e7\u00f5es modernas com ares de m\u00fasica antiga ou trovadoresca.<\/p>\n<p>&nbsp;<\/p>\n<p>Maine Hermo formou-se como professora de Literatura pelo Instituto de Profesores \u00abArtigas\u00bb IPA. Posteriormente, cursou Educa\u00e7\u00e3o Sonora e Musical na mesma institui\u00e7\u00e3o. Participou no \u00abTaller de la canci\u00f3n po\u00e9tica\u00bb dirigido por Eduardo Darnauchans e estudou canto com Rossana Taddei e Laura Canoura. Participou como colaboradora no programa radiof\u00f3nico \u00abEl garage\u00bb da UNIRADIO com a sua coluna \u00abNotas ao p\u00e9 da can\u00e7\u00e3o \u00ab. Convocada por professores do Instituto de Profesores \u00abArtigas\u00bb (I.P.A), d\u00e1 um workshop sobre Literatura Renascentista para estudantes de Educa\u00e7\u00e3o Sonora e Musical. Fez a abertura do espet\u00e1culo de Toquinho e Maria Creuza no Auditorio Nacional del Sodre. Participou no workshop de composi\u00e7\u00e3o dirigido por Leo Masliah na Escola Universit\u00e1ria de M\u00fasica. Fez parte da equipa de investiga\u00e7\u00e3o M\u00fasica-cuerpo-g\u00e9nero juntamente com professores da Escuela Universitaria de M\u00fasica, realizando v\u00e1rios workshops e palestras em Montevideo e Buenos Aires.<\/p>\n<p>&nbsp;<\/p>\n<p>Como professora de literatura, cantora e compositora, procura lan\u00e7ar um olhar sobre a palavra cantada. Antiga como a humanidade, a poesia cantada tem as suas express\u00f5es espec\u00edficas. Que po\u00e9tica nos mostrou a Hist\u00f3ria do Ocidente em rela\u00e7\u00e3o a essas figuras solit\u00e1rias mas colectivas, individuais mas an\u00f3nimas, os versos profanos do povo? Qual \u00e9 o caminho da met\u00e1fora e dos tropos na can\u00e7\u00e3o? Do folclore da Am\u00e9rica \u00e0s po\u00e9ticas mais vanguardistas, procura os marcos de uma palavra que \u00e9 som no tempo, e que, com passes de m\u00e1gica, p\u00f5e fora o que estava dentro.<\/p>\n<p>&nbsp;<\/p>\n<p>Depois de ter lan\u00e7ado o segundo \u00e1lbum \u00abDel Alquitr\u00e1n\u00bb, Maine Hermo inicia uma digress\u00e3o para apresentar as suas pr\u00f3prias can\u00e7\u00f5es. O objetivo \u00e9 formar p\u00fablico numa regi\u00e3o nunca antes visitada pela artista. Ser\u00e3o concertos em formato intimista, em v\u00e1rios pontos da prov\u00edncia de R\u00edo Negro, com Vito Guti\u00e9rrez como guitarrista e compositora.<\/p>\n<p>&nbsp;<\/p>\n<p>Maine Hermo foi vencedor do Iberm\u00fasicas na linha de a\u00e7\u00e3o de Ajudas \u00e0 especializa\u00e7\u00e3o e ao aperfei\u00e7oamento art\u00edstico e t\u00e9cnico do sector musical &#8211; convocat\u00f3ria 2023.<\/p>\n<p>&nbsp;<\/p>\n<p>De 6 a 20 de janeiro com actua\u00e7\u00f5es em:<\/p>\n<p>&nbsp;<\/p>\n<ul>\n<li>Bariloche (prov\u00edncia de R\u00edo Negro, Argentina)<\/li>\n<li>La Angostura (prov\u00edncia de Neuqu\u00e9n, Argentina)<\/li>\n<li>San Mart\u00edn de los Andes (prov\u00edncia de Neuqu\u00e9n, Argentina)<\/li>\n<li>Jun\u00edn de los Andes (prov\u00edncia de Neuqu\u00e9n, Argentina).<\/li>\n<\/ul>\n<p>Comarca Andina (prov\u00edncias de Chubut e R\u00edo Negro, Argentina)<\/p>\n","protected":false},"excerpt":{"rendered":"<p>Maine Hermo \u00e9 autora e int\u00e9rprete de can\u00e7\u00f5es da cidade. O seu repert\u00f3rio de obras pr\u00f3prias \u00e9 quase sempre expresso num ambiente intimista, com instrumentos ac\u00fasticos. Os seus textos v\u00e3o do lirismo nost\u00e1lgico \u00e0 cr\u00edtica social, sem perder a do\u00e7ura. Toca guitarra e ala\u00fade renascentista, misturando composi\u00e7\u00f5es modernas com ares de m\u00fasica antiga ou trovadoresca. [&hellip;]<\/p>\n","protected":false},"author":7,"featured_media":18059,"comment_status":"closed","ping_status":"closed","sticky":false,"template":"","format":"standard","meta":{"footnotes":""},"categories":[218],"tags":[],"class_list":["post-17594","post","type-post","status-publish","format-standard","has-post-thumbnail","hentry","category-noticias-generales-pt"],"lang":"pt","translations":{"pt":17594},"pll_sync_post":[],"post_mailing_queue_ids":[],"_links":{"self":[{"href":"http:\/\/staging.ibermusicas.org\/index.php\/wp-json\/wp\/v2\/posts\/17594","targetHints":{"allow":["GET"]}}],"collection":[{"href":"http:\/\/staging.ibermusicas.org\/index.php\/wp-json\/wp\/v2\/posts"}],"about":[{"href":"http:\/\/staging.ibermusicas.org\/index.php\/wp-json\/wp\/v2\/types\/post"}],"author":[{"embeddable":true,"href":"http:\/\/staging.ibermusicas.org\/index.php\/wp-json\/wp\/v2\/users\/7"}],"replies":[{"embeddable":true,"href":"http:\/\/staging.ibermusicas.org\/index.php\/wp-json\/wp\/v2\/comments?post=17594"}],"version-history":[{"count":1,"href":"http:\/\/staging.ibermusicas.org\/index.php\/wp-json\/wp\/v2\/posts\/17594\/revisions"}],"predecessor-version":[{"id":17595,"href":"http:\/\/staging.ibermusicas.org\/index.php\/wp-json\/wp\/v2\/posts\/17594\/revisions\/17595"}],"wp:featuredmedia":[{"embeddable":true,"href":"http:\/\/staging.ibermusicas.org\/index.php\/wp-json\/wp\/v2\/media\/18059"}],"wp:attachment":[{"href":"http:\/\/staging.ibermusicas.org\/index.php\/wp-json\/wp\/v2\/media?parent=17594"}],"wp:term":[{"taxonomy":"category","embeddable":true,"href":"http:\/\/staging.ibermusicas.org\/index.php\/wp-json\/wp\/v2\/categories?post=17594"},{"taxonomy":"post_tag","embeddable":true,"href":"http:\/\/staging.ibermusicas.org\/index.php\/wp-json\/wp\/v2\/tags?post=17594"}],"curies":[{"name":"wp","href":"https:\/\/api.w.org\/{rel}","templated":true}]}}