{"id":17596,"date":"2023-12-28T19:47:54","date_gmt":"2023-12-28T19:47:54","guid":{"rendered":"http:\/\/staging.ibermusicas.org\/?p=17596"},"modified":"2024-02-28T21:24:26","modified_gmt":"2024-02-28T21:24:26","slug":"el-musico-mexicano-fermin-rodriguez-arevalo-lleva-adelante-su-master-en-musicologia-educacion-musical-y-musica-antigua-en-la-universidad-autonoma-de-barcelona","status":"publish","type":"post","link":"http:\/\/staging.ibermusicas.org\/index.php\/el-musico-mexicano-fermin-rodriguez-arevalo-lleva-adelante-su-master-en-musicologia-educacion-musical-y-musica-antigua-en-la-universidad-autonoma-de-barcelona\/","title":{"rendered":"El m\u00fasico mexicano Ferm\u00edn Rodr\u00edguez Ar\u00e9valo lleva adelante su M\u00e1ster en Musicolog\u00eda, Educaci\u00f3n Musical y M\u00fasica Antigua en la Universidad Aut\u00f3noma de Barcelona"},"content":{"rendered":"<p>Despu\u00e9s de haber dedicado 18 a\u00f1os a la educaci\u00f3n musical de ni\u00f1as, ni\u00f1os, j\u00f3venes y adultos en el Estado de Chiapas (sureste mexicano), 9 a\u00f1os a la divulgaci\u00f3n musical y 3 a\u00f1os a la investigaci\u00f3n de la historia musical de la regi\u00f3n, Ferm\u00edn Rodr\u00edguez plantea profesionalizarse acad\u00e9micamente estudiando el M\u00e1ster en Musicolog\u00eda, Educaci\u00f3n Musical e Interpretaci\u00f3n de M\u00fasica Antiga que ofrece la Universidad Aut\u00f3noma de Barcelona conjuntamente con la Escuela Superior de M\u00fasica de Catalu\u00f1a.<\/p>\n<p>&nbsp;<\/p>\n<p>Ferm\u00edn Rodr\u00edguez inici\u00f3 sus estudios de m\u00fasica gracias al apoyo de su familia y sus primeras maestras y maestros. Se gradu\u00f3 en la Universidad de Ciencias y Artes de Chiapas (UNICACH) estudiando viola con la maestra Noelia G\u00f3mez Gonz\u00e1lez. Particip\u00f3 en la orquesta sinf\u00f3nica de la UNICACH (2007 a 2009) y fue miembro de la Camerata de Cuerdas de la UNICACH (2010). Trabaj\u00f3 dando clases de viol\u00edn, viola, conjunto orquestal y como asesor acad\u00e9mico en el Curso de Iniciaci\u00f3n Musical (CIM) de la Facultad de M\u00fasica de la UNICACH; adem\u00e1s di\u00f3 clases de viol\u00edn, viola, iniciaci\u00f3n musical y dirigi\u00f3 la Orquesta de Arcos de la Alianza Cultural Chiapas-Jap\u00f3n.<\/p>\n","protected":false},"excerpt":{"rendered":"<p>Despu\u00e9s de haber dedicado 18 a\u00f1os a la educaci\u00f3n musical de ni\u00f1as, ni\u00f1os, j\u00f3venes y adultos en el Estado de Chiapas (sureste mexicano), 9 a\u00f1os a la divulgaci\u00f3n musical y 3 a\u00f1os a la investigaci\u00f3n de la historia musical de la regi\u00f3n, Ferm\u00edn Rodr\u00edguez plantea profesionalizarse acad\u00e9micamente estudiando el M\u00e1ster en Musicolog\u00eda, Educaci\u00f3n Musical e [&hellip;]<\/p>\n","protected":false},"author":7,"featured_media":18060,"comment_status":"closed","ping_status":"closed","sticky":false,"template":"","format":"standard","meta":{"footnotes":""},"categories":[53],"tags":[],"class_list":["post-17596","post","type-post","status-publish","format-standard","has-post-thumbnail","hentry","category-noticias-generales"],"lang":"es","translations":{"es":17596},"pll_sync_post":[],"post_mailing_queue_ids":[],"_links":{"self":[{"href":"http:\/\/staging.ibermusicas.org\/index.php\/wp-json\/wp\/v2\/posts\/17596","targetHints":{"allow":["GET"]}}],"collection":[{"href":"http:\/\/staging.ibermusicas.org\/index.php\/wp-json\/wp\/v2\/posts"}],"about":[{"href":"http:\/\/staging.ibermusicas.org\/index.php\/wp-json\/wp\/v2\/types\/post"}],"author":[{"embeddable":true,"href":"http:\/\/staging.ibermusicas.org\/index.php\/wp-json\/wp\/v2\/users\/7"}],"replies":[{"embeddable":true,"href":"http:\/\/staging.ibermusicas.org\/index.php\/wp-json\/wp\/v2\/comments?post=17596"}],"version-history":[{"count":1,"href":"http:\/\/staging.ibermusicas.org\/index.php\/wp-json\/wp\/v2\/posts\/17596\/revisions"}],"predecessor-version":[{"id":17598,"href":"http:\/\/staging.ibermusicas.org\/index.php\/wp-json\/wp\/v2\/posts\/17596\/revisions\/17598"}],"wp:featuredmedia":[{"embeddable":true,"href":"http:\/\/staging.ibermusicas.org\/index.php\/wp-json\/wp\/v2\/media\/18060"}],"wp:attachment":[{"href":"http:\/\/staging.ibermusicas.org\/index.php\/wp-json\/wp\/v2\/media?parent=17596"}],"wp:term":[{"taxonomy":"category","embeddable":true,"href":"http:\/\/staging.ibermusicas.org\/index.php\/wp-json\/wp\/v2\/categories?post=17596"},{"taxonomy":"post_tag","embeddable":true,"href":"http:\/\/staging.ibermusicas.org\/index.php\/wp-json\/wp\/v2\/tags?post=17596"}],"curies":[{"name":"wp","href":"https:\/\/api.w.org\/{rel}","templated":true}]}}