{"id":17599,"date":"2023-12-28T19:52:44","date_gmt":"2023-12-28T19:52:44","guid":{"rendered":"http:\/\/staging.ibermusicas.org\/?p=17599"},"modified":"2024-02-28T21:25:46","modified_gmt":"2024-02-28T21:25:46","slug":"o-musico-mexicano-fermin-rodriguez-arevalo-leva-adiante-o-seu-mestrando-em-musicologia-educacao-musical-e-musica-antiga-na-universidade-autonoma-de-barcelona","status":"publish","type":"post","link":"http:\/\/staging.ibermusicas.org\/index.php\/o-musico-mexicano-fermin-rodriguez-arevalo-leva-adiante-o-seu-mestrando-em-musicologia-educacao-musical-e-musica-antiga-na-universidade-autonoma-de-barcelona\/","title":{"rendered":"O m\u00fasico mexicano Ferm\u00edn Rodr\u00edguez Ar\u00e9valo leva adiante o seu mestrando em Musicologia, Educa\u00e7\u00e3o Musical e M\u00fasica Antiga na Universidade Aut\u00f3noma de Barcelona"},"content":{"rendered":"<p>Depois de ter dedicado 18 anos \u00e0 educa\u00e7\u00e3o musical de crian\u00e7as, jovens e adultos no estado de Chiapas (sudeste do M\u00e9xico), 9 anos \u00e0 divulga\u00e7\u00e3o da m\u00fasica e 3 anos \u00e0 investiga\u00e7\u00e3o da hist\u00f3ria musical da regi\u00e3o, Ferm\u00edn Rodr\u00edguez est\u00e1 cursando o mestrado em Musicologia, Educa\u00e7\u00e3o Musical e Interpreta\u00e7\u00e3o de M\u00fasica Antiga, oferecido pela Universidade Aut\u00f3noma de Barcelona em conjunto com a Escuela Superior de M\u00fasica de Catalu\u00f1a (Escola de M\u00fasica da Catalunha).<\/p>\n<p>&nbsp;<\/p>\n<p>Ferm\u00edn Rodr\u00edguez iniciou os seus estudos musicais gra\u00e7as ao apoio da sua fam\u00edlia e dos seus primeiros professores. Licenciou-se na Universidade de Ci\u00eancias e Artes de Chiapas (UNICACH) estudando viola com a professora Noelia G\u00f3mez Gonz\u00e1lez. Participou na Orquestra Sinf\u00f3nica da UNICACH (2007 a 2009) e foi membro da Camerata de Cordas da UNICACH (2010). Trabalhou como professor de violino, viola, conjunto orquestral e como orientador acad\u00eamico no Curso de Inicia\u00e7\u00e3o Musical (CIM) da Faculdade de M\u00fasica da UNICACH; tamb\u00e9m lecionou violino, viola, inicia\u00e7\u00e3o musical e dirigiu a Orquestra da Alian\u00e7a Cultural Chiapas-Jap\u00e3o de Arcos.<\/p>\n","protected":false},"excerpt":{"rendered":"<p>Depois de ter dedicado 18 anos \u00e0 educa\u00e7\u00e3o musical de crian\u00e7as, jovens e adultos no estado de Chiapas (sudeste do M\u00e9xico), 9 anos \u00e0 divulga\u00e7\u00e3o da m\u00fasica e 3 anos \u00e0 investiga\u00e7\u00e3o da hist\u00f3ria musical da regi\u00e3o, Ferm\u00edn Rodr\u00edguez est\u00e1 cursando o mestrado em Musicologia, Educa\u00e7\u00e3o Musical e Interpreta\u00e7\u00e3o de M\u00fasica Antiga, oferecido pela Universidade [&hellip;]<\/p>\n","protected":false},"author":7,"featured_media":18060,"comment_status":"closed","ping_status":"closed","sticky":false,"template":"","format":"standard","meta":{"footnotes":""},"categories":[218],"tags":[],"class_list":["post-17599","post","type-post","status-publish","format-standard","has-post-thumbnail","hentry","category-noticias-generales-pt"],"lang":"pt","translations":{"pt":17599},"pll_sync_post":[],"post_mailing_queue_ids":[],"_links":{"self":[{"href":"http:\/\/staging.ibermusicas.org\/index.php\/wp-json\/wp\/v2\/posts\/17599","targetHints":{"allow":["GET"]}}],"collection":[{"href":"http:\/\/staging.ibermusicas.org\/index.php\/wp-json\/wp\/v2\/posts"}],"about":[{"href":"http:\/\/staging.ibermusicas.org\/index.php\/wp-json\/wp\/v2\/types\/post"}],"author":[{"embeddable":true,"href":"http:\/\/staging.ibermusicas.org\/index.php\/wp-json\/wp\/v2\/users\/7"}],"replies":[{"embeddable":true,"href":"http:\/\/staging.ibermusicas.org\/index.php\/wp-json\/wp\/v2\/comments?post=17599"}],"version-history":[{"count":2,"href":"http:\/\/staging.ibermusicas.org\/index.php\/wp-json\/wp\/v2\/posts\/17599\/revisions"}],"predecessor-version":[{"id":17601,"href":"http:\/\/staging.ibermusicas.org\/index.php\/wp-json\/wp\/v2\/posts\/17599\/revisions\/17601"}],"wp:featuredmedia":[{"embeddable":true,"href":"http:\/\/staging.ibermusicas.org\/index.php\/wp-json\/wp\/v2\/media\/18060"}],"wp:attachment":[{"href":"http:\/\/staging.ibermusicas.org\/index.php\/wp-json\/wp\/v2\/media?parent=17599"}],"wp:term":[{"taxonomy":"category","embeddable":true,"href":"http:\/\/staging.ibermusicas.org\/index.php\/wp-json\/wp\/v2\/categories?post=17599"},{"taxonomy":"post_tag","embeddable":true,"href":"http:\/\/staging.ibermusicas.org\/index.php\/wp-json\/wp\/v2\/tags?post=17599"}],"curies":[{"name":"wp","href":"https:\/\/api.w.org\/{rel}","templated":true}]}}