{"id":17605,"date":"2023-12-28T20:02:07","date_gmt":"2023-12-28T20:02:07","guid":{"rendered":"http:\/\/staging.ibermusicas.org\/?p=17605"},"modified":"2024-02-28T21:27:58","modified_gmt":"2024-02-28T21:27:58","slug":"o-guitarrista-mexicano-carlos-carpizo-inicia-o-seu-mestrado-na-universidade-de-alicante-em-espanha","status":"publish","type":"post","link":"http:\/\/staging.ibermusicas.org\/index.php\/o-guitarrista-mexicano-carlos-carpizo-inicia-o-seu-mestrado-na-universidade-de-alicante-em-espanha\/","title":{"rendered":"O guitarrista mexicano Carlos Carpizo inicia o seu mestrado na Universidade de Alicante, em Espanha"},"content":{"rendered":"<p>Carlos Carpizo \u00e9 um guitarrista cl\u00e1ssico e de jazz que se formou no Conservat\u00f3rio de M\u00fasica do Estado do M\u00e9xico sob a dire\u00e7\u00e3o de Sergio Damian Wilson e Luis Octavio Cervantes Pombo. Foi benefici\u00e1rio do Fondo de Cultura y Arte del Estado de M\u00e9xico (FOCAEM) na edi\u00e7\u00e3o 2014-2015 para o projeto art\u00edstico \u00ab\u00a1EnterArte mexicano!\u00bb, focado na divulga\u00e7\u00e3o musical do repert\u00f3rio para guitarra de compositores mexicanos contempor\u00e2neos, na sua maioria in\u00e9ditos. \u00c9 professor de guitarra cl\u00e1ssica no Centro de Iniciaci\u00f3n Musical Infantil do Conservatorio de M\u00fasica del Estado de M\u00e9xico.<\/p>\n<p>&nbsp;<\/p>\n<p>Em janeiro iniciar\u00e1 o Mestrado em Performance de Guitarra Cl\u00e1ssica na Universidade de Alicante, reunindo mestres e int\u00e9rpretes de diferentes nacionalidades, todos com um elevado n\u00edvel de desempenho e uma longa carreira art\u00edstica. Manuel Barrueco, David Russell, S\u00e9rgio Assad, Ignacio Rodes, Judicael Perroy, Xavier D\u00edaz-Latorre, Fabio Zanon, Duo Melis, a bailarina Tanja Skok e o neurocientista V\u00edctor Candia v\u00e3o ensinar e partilhar as suas experi\u00eancias no Master 2024.<\/p>\n<p>&nbsp;<\/p>\n<p>O programa est\u00e1 organizado por cursos, com temas variados oferecidos por cada professor especialista; para mencionar os eixos tem\u00e1ticos mais importantes:<\/p>\n<p>&nbsp;<\/p>\n<p>No final do Mestrado, ser\u00e1 apresentado um trabalho de investiga\u00e7\u00e3o individual e uma transcri\u00e7\u00e3o musical in\u00e9dita, que ser\u00e1 desenvolvida seguindo o procedimento habitual dos trabalhos acad\u00e9micos universit\u00e1rios, orientados por um professor do Mestrado, que ser\u00e3o gravados e editados pela Universidade.<\/p>\n<p>&nbsp;<\/p>\n<p>O trabalho de investiga\u00e7\u00e3o de Carlos Carpizo incidir\u00e1 sobre o repert\u00f3rio mexicano do s\u00e9culo XIX para piano e guitarra s\u00e9tima. Pe\u00e7as como Mazurcas, Valsas e Polonaises, de compositores como Tom\u00e1s Le\u00f3n, Felipe Villanueva e Ernesto Elorduy, ser\u00e3o transcritas e adaptadas.<\/p>\n<p>&nbsp;<\/p>\n<p>Carlos Carpizo foi benefici\u00e1rio do Iberm\u00fasicas na linha de a\u00e7\u00e3o de Ajudas \u00e0 especializa\u00e7\u00e3o e ao aperfei\u00e7oamento art\u00edstico e t\u00e9cnico do sector musical &#8211; convocat\u00f3ria 2023.<\/p>\n","protected":false},"excerpt":{"rendered":"<p>Carlos Carpizo \u00e9 um guitarrista cl\u00e1ssico e de jazz que se formou no Conservat\u00f3rio de M\u00fasica do Estado do M\u00e9xico sob a dire\u00e7\u00e3o de Sergio Damian Wilson e Luis Octavio Cervantes Pombo. Foi benefici\u00e1rio do Fondo de Cultura y Arte del Estado de M\u00e9xico (FOCAEM) na edi\u00e7\u00e3o 2014-2015 para o projeto art\u00edstico \u00ab\u00a1EnterArte mexicano!\u00bb, focado [&hellip;]<\/p>\n","protected":false},"author":7,"featured_media":18061,"comment_status":"closed","ping_status":"closed","sticky":false,"template":"","format":"standard","meta":{"footnotes":""},"categories":[218],"tags":[],"class_list":["post-17605","post","type-post","status-publish","format-standard","has-post-thumbnail","hentry","category-noticias-generales-pt"],"lang":"pt","translations":{"pt":17605},"pll_sync_post":[],"post_mailing_queue_ids":[],"_links":{"self":[{"href":"http:\/\/staging.ibermusicas.org\/index.php\/wp-json\/wp\/v2\/posts\/17605","targetHints":{"allow":["GET"]}}],"collection":[{"href":"http:\/\/staging.ibermusicas.org\/index.php\/wp-json\/wp\/v2\/posts"}],"about":[{"href":"http:\/\/staging.ibermusicas.org\/index.php\/wp-json\/wp\/v2\/types\/post"}],"author":[{"embeddable":true,"href":"http:\/\/staging.ibermusicas.org\/index.php\/wp-json\/wp\/v2\/users\/7"}],"replies":[{"embeddable":true,"href":"http:\/\/staging.ibermusicas.org\/index.php\/wp-json\/wp\/v2\/comments?post=17605"}],"version-history":[{"count":1,"href":"http:\/\/staging.ibermusicas.org\/index.php\/wp-json\/wp\/v2\/posts\/17605\/revisions"}],"predecessor-version":[{"id":17606,"href":"http:\/\/staging.ibermusicas.org\/index.php\/wp-json\/wp\/v2\/posts\/17605\/revisions\/17606"}],"wp:featuredmedia":[{"embeddable":true,"href":"http:\/\/staging.ibermusicas.org\/index.php\/wp-json\/wp\/v2\/media\/18061"}],"wp:attachment":[{"href":"http:\/\/staging.ibermusicas.org\/index.php\/wp-json\/wp\/v2\/media?parent=17605"}],"wp:term":[{"taxonomy":"category","embeddable":true,"href":"http:\/\/staging.ibermusicas.org\/index.php\/wp-json\/wp\/v2\/categories?post=17605"},{"taxonomy":"post_tag","embeddable":true,"href":"http:\/\/staging.ibermusicas.org\/index.php\/wp-json\/wp\/v2\/tags?post=17605"}],"curies":[{"name":"wp","href":"https:\/\/api.w.org\/{rel}","templated":true}]}}