{"id":17607,"date":"2023-12-28T20:03:56","date_gmt":"2023-12-28T20:03:56","guid":{"rendered":"http:\/\/staging.ibermusicas.org\/?p=17607"},"modified":"2024-02-28T21:29:29","modified_gmt":"2024-02-28T21:29:29","slug":"la-artista-mexicana-marimbel-rojo-inicia-su-especializacion-puente-circular-en-brasil","status":"publish","type":"post","link":"http:\/\/staging.ibermusicas.org\/index.php\/la-artista-mexicana-marimbel-rojo-inicia-su-especializacion-puente-circular-en-brasil\/","title":{"rendered":"La artista mexicana Marimbel Rojo inicia su especializaci\u00f3n \u201cPuente Circular\u201d en Brasil"},"content":{"rendered":"<p>El proyecto Puente Circular M\u00e9xico-Brasil de Marimbel Rojo, procura el perfeccionamiento y la especializaci\u00f3n en t\u00e9cnicas de m\u00fasica corporal: conducci\u00f3n, improvisaci\u00f3n y creaci\u00f3n de m\u00fasica colectiva.<\/p>\n<p>&nbsp;<\/p>\n<p>Marimbel es cantora, multi-instrumentista, con un recorrido de d\u00e9cadas tanto en la educaci\u00f3n musical como en la m\u00fasica corporal, busca profundizar en los campos formativos y de ejecuci\u00f3n, con integrantes de M\u00fasica do C\u00edrculo en Brasil creciendo como artista e instrumentista, as\u00ed como educadora musical, para seguir compartiendo sus saberes en talleres, cursos y clases, tanto en M\u00e9xico como en otros lugares del mundo.<\/p>\n<p>&nbsp;<\/p>\n<p>Marimbel Rojo ha sido beneficiaria de Iberm\u00fasicas en la l\u00ednea de acci\u00f3n de Ayudas para la especializaci\u00f3n y el perfeccionamiento art\u00edstico y t\u00e9cnico del sector musical &#8211; convocatoria 2023<\/p>\n","protected":false},"excerpt":{"rendered":"<p>El proyecto Puente Circular M\u00e9xico-Brasil de Marimbel Rojo, procura el perfeccionamiento y la especializaci\u00f3n en t\u00e9cnicas de m\u00fasica corporal: conducci\u00f3n, improvisaci\u00f3n y creaci\u00f3n de m\u00fasica colectiva. &nbsp; Marimbel es cantora, multi-instrumentista, con un recorrido de d\u00e9cadas tanto en la educaci\u00f3n musical como en la m\u00fasica corporal, busca profundizar en los campos formativos y de ejecuci\u00f3n, [&hellip;]<\/p>\n","protected":false},"author":7,"featured_media":18062,"comment_status":"closed","ping_status":"closed","sticky":false,"template":"","format":"standard","meta":{"footnotes":""},"categories":[53],"tags":[],"class_list":["post-17607","post","type-post","status-publish","format-standard","has-post-thumbnail","hentry","category-noticias-generales"],"lang":"es","translations":{"es":17607},"pll_sync_post":[],"post_mailing_queue_ids":[],"_links":{"self":[{"href":"http:\/\/staging.ibermusicas.org\/index.php\/wp-json\/wp\/v2\/posts\/17607","targetHints":{"allow":["GET"]}}],"collection":[{"href":"http:\/\/staging.ibermusicas.org\/index.php\/wp-json\/wp\/v2\/posts"}],"about":[{"href":"http:\/\/staging.ibermusicas.org\/index.php\/wp-json\/wp\/v2\/types\/post"}],"author":[{"embeddable":true,"href":"http:\/\/staging.ibermusicas.org\/index.php\/wp-json\/wp\/v2\/users\/7"}],"replies":[{"embeddable":true,"href":"http:\/\/staging.ibermusicas.org\/index.php\/wp-json\/wp\/v2\/comments?post=17607"}],"version-history":[{"count":1,"href":"http:\/\/staging.ibermusicas.org\/index.php\/wp-json\/wp\/v2\/posts\/17607\/revisions"}],"predecessor-version":[{"id":17609,"href":"http:\/\/staging.ibermusicas.org\/index.php\/wp-json\/wp\/v2\/posts\/17607\/revisions\/17609"}],"wp:featuredmedia":[{"embeddable":true,"href":"http:\/\/staging.ibermusicas.org\/index.php\/wp-json\/wp\/v2\/media\/18062"}],"wp:attachment":[{"href":"http:\/\/staging.ibermusicas.org\/index.php\/wp-json\/wp\/v2\/media?parent=17607"}],"wp:term":[{"taxonomy":"category","embeddable":true,"href":"http:\/\/staging.ibermusicas.org\/index.php\/wp-json\/wp\/v2\/categories?post=17607"},{"taxonomy":"post_tag","embeddable":true,"href":"http:\/\/staging.ibermusicas.org\/index.php\/wp-json\/wp\/v2\/tags?post=17607"}],"curies":[{"name":"wp","href":"https:\/\/api.w.org\/{rel}","templated":true}]}}