{"id":17610,"date":"2023-12-28T20:08:10","date_gmt":"2023-12-28T20:08:10","guid":{"rendered":"http:\/\/staging.ibermusicas.org\/?p=17610"},"modified":"2024-02-28T21:30:43","modified_gmt":"2024-02-28T21:30:43","slug":"a-artista-mexicana-marimbel-rojo-inicia-a-sua-especializacao-puente-circular-no-brasil","status":"publish","type":"post","link":"http:\/\/staging.ibermusicas.org\/index.php\/a-artista-mexicana-marimbel-rojo-inicia-a-sua-especializacao-puente-circular-no-brasil\/","title":{"rendered":"A artista mexicana Marimbel Rojo inicia a sua especializa\u00e7\u00e3o \u00abPuente Circular\u00bb no Brasil"},"content":{"rendered":"<p>O projeto Ponte Circular M\u00e9xico-Brasil de Marimbel Rojo tem como objetivo o aperfei\u00e7oamento e a especializa\u00e7\u00e3o em t\u00e9cnicas de m\u00fasica corporal: reg\u00eancia, improvisa\u00e7\u00e3o e cria\u00e7\u00e3o de m\u00fasica colectiva.<\/p>\n<p>&nbsp;<\/p>\n<p>Marimbel \u00e9 cantora, multi-instrumentista, com d\u00e9cadas de experi\u00eancia em educa\u00e7\u00e3o musical e m\u00fasica corporal. Busca aprofundar sua forma\u00e7\u00e3o e atua\u00e7\u00e3o com os integrantes da M\u00fasica do C\u00edrculo no Brasil, crescendo como artista e instrumentista, al\u00e9m de educadora musical, para continuar compartilhando seus conhecimentos em workshops, cursos e aulas, tanto no M\u00e9xico quanto em outras partes do mundo.<\/p>\n<p>&nbsp;<\/p>\n<p>Marimbel Rojo foi benefici\u00e1ria do Iberm\u00fasicas na linha de a\u00e7\u00e3o de Ajudas para a especializa\u00e7\u00e3o e aperfei\u00e7oamento art\u00edstico e t\u00e9cnico do sector musical &#8211; convocat\u00f3ria 2023.<\/p>\n","protected":false},"excerpt":{"rendered":"<p>O projeto Ponte Circular M\u00e9xico-Brasil de Marimbel Rojo tem como objetivo o aperfei\u00e7oamento e a especializa\u00e7\u00e3o em t\u00e9cnicas de m\u00fasica corporal: reg\u00eancia, improvisa\u00e7\u00e3o e cria\u00e7\u00e3o de m\u00fasica colectiva. &nbsp; Marimbel \u00e9 cantora, multi-instrumentista, com d\u00e9cadas de experi\u00eancia em educa\u00e7\u00e3o musical e m\u00fasica corporal. Busca aprofundar sua forma\u00e7\u00e3o e atua\u00e7\u00e3o com os integrantes da M\u00fasica do [&hellip;]<\/p>\n","protected":false},"author":7,"featured_media":18062,"comment_status":"closed","ping_status":"closed","sticky":false,"template":"","format":"standard","meta":{"footnotes":""},"categories":[218],"tags":[],"class_list":["post-17610","post","type-post","status-publish","format-standard","has-post-thumbnail","hentry","category-noticias-generales-pt"],"lang":"pt","translations":{"pt":17610},"pll_sync_post":[],"post_mailing_queue_ids":[],"_links":{"self":[{"href":"http:\/\/staging.ibermusicas.org\/index.php\/wp-json\/wp\/v2\/posts\/17610","targetHints":{"allow":["GET"]}}],"collection":[{"href":"http:\/\/staging.ibermusicas.org\/index.php\/wp-json\/wp\/v2\/posts"}],"about":[{"href":"http:\/\/staging.ibermusicas.org\/index.php\/wp-json\/wp\/v2\/types\/post"}],"author":[{"embeddable":true,"href":"http:\/\/staging.ibermusicas.org\/index.php\/wp-json\/wp\/v2\/users\/7"}],"replies":[{"embeddable":true,"href":"http:\/\/staging.ibermusicas.org\/index.php\/wp-json\/wp\/v2\/comments?post=17610"}],"version-history":[{"count":1,"href":"http:\/\/staging.ibermusicas.org\/index.php\/wp-json\/wp\/v2\/posts\/17610\/revisions"}],"predecessor-version":[{"id":17611,"href":"http:\/\/staging.ibermusicas.org\/index.php\/wp-json\/wp\/v2\/posts\/17610\/revisions\/17611"}],"wp:featuredmedia":[{"embeddable":true,"href":"http:\/\/staging.ibermusicas.org\/index.php\/wp-json\/wp\/v2\/media\/18062"}],"wp:attachment":[{"href":"http:\/\/staging.ibermusicas.org\/index.php\/wp-json\/wp\/v2\/media?parent=17610"}],"wp:term":[{"taxonomy":"category","embeddable":true,"href":"http:\/\/staging.ibermusicas.org\/index.php\/wp-json\/wp\/v2\/categories?post=17610"},{"taxonomy":"post_tag","embeddable":true,"href":"http:\/\/staging.ibermusicas.org\/index.php\/wp-json\/wp\/v2\/tags?post=17610"}],"curies":[{"name":"wp","href":"https:\/\/api.w.org\/{rel}","templated":true}]}}