{"id":17615,"date":"2023-12-28T20:18:51","date_gmt":"2023-12-28T20:18:51","guid":{"rendered":"http:\/\/staging.ibermusicas.org\/?p=17615"},"modified":"2024-02-28T21:33:17","modified_gmt":"2024-02-28T21:33:17","slug":"o-payador-cantor-e-investigador-chileno-alex-guerrero-chinga-inicia-o-seu-curso-intensivo-da-danca-tierra-de-zana-com-yim-r-sampertegui-no-peru","status":"publish","type":"post","link":"http:\/\/staging.ibermusicas.org\/index.php\/o-payador-cantor-e-investigador-chileno-alex-guerrero-chinga-inicia-o-seu-curso-intensivo-da-danca-tierra-de-zana-com-yim-r-sampertegui-no-peru\/","title":{"rendered":"O payador, cantor e investigador chileno Alex Guerrero Chinga inicia o seu curso intensivo da dan\u00e7a Tierra de Za\u00f1a com Yim R. Samp\u00e9rtegui no Peru"},"content":{"rendered":"<p>Alex Guerrero Chinga \u00e9 payador e cantor de cueca. \u00c9 membro do grupo De Improviso (Cueca Improvisada) e fundador da Corporaci\u00f3n Versos de Ida y Vuelta, dedicada \u00e0 pesquisa, divulga\u00e7\u00e3o e forma\u00e7\u00e3o em poesia cantada latino-americana.<\/p>\n<p>&nbsp;<\/p>\n<p>Tamb\u00e9m participa como gestor em La Chingana Chinga, um espa\u00e7o para a preserva\u00e7\u00e3o das tradi\u00e7\u00f5es culin\u00e1rias e musicais chilenas. Realizou v\u00e1rias oficinas de escrita de cuecas, marineras e d\u00e9cimas, tanto online como presencialmente. Foi autodidata na roda de cantoras e cantores, completou o primeiro curso de canto a lo poeta, aprendendo com mestres como Cecilia Astorga e Alfonso Rubio, e fez v\u00e1rios cursos na academia Oralitura.<\/p>\n<p>&nbsp;<\/p>\n<p>O processo de especializa\u00e7\u00e3o que ter\u00e1 in\u00edcio em janeiro, no \u00e2mbito do concurso Iberm\u00fasicas 2023 para a especializa\u00e7\u00e3o e aperfei\u00e7oamento art\u00edstico e t\u00e9cnico do sector da m\u00fasica, \u00e9 um curso sobre Baile Tierra, folclore afro-peruano da cidade de Za\u00f1a, com o m\u00fasico e investigador Yim R. Samp\u00e9rtegui.<\/p>\n<p>&nbsp;<\/p>\n<p>Yim R. Samp\u00e9rtegui \u00e9 formado em Neuroci\u00eancias pela Earlham University, em Indiana, EUA. \u00c9 p\u00f3s-graduado pela Faculdade de Farm\u00e1cia e Bioqu\u00edmica da Universidade de Buenos Aires, onde realizou investiga\u00e7\u00e3o cient\u00edfica no dom\u00ednio da biologia da mieliniza\u00e7\u00e3o. Fundou o Grupo Afrolatino Sambaland\u00f3 de Za\u00f1a, iniciando um processo de recupera\u00e7\u00e3o das tradi\u00e7\u00f5es musicais de Za\u00f1a. Em 2015 apresentou o projeto Za\u00f1a Virtual, um projeto de reconstru\u00e7\u00e3o tridimensional do centro hist\u00f3rico de Za\u00f1a, mostrando a primeira reconstru\u00e7\u00e3o da antiga Igreja Matriz de Za\u00f1a. Em 2018 iniciou uma carreira musical a solo. Comp\u00f4s uma grande variedade de g\u00eaneros nacionais, como o tondero e o baile de terra. Participou como orador em diferentes congressos de investiga\u00e7\u00e3o, como os Encontros de Investiga\u00e7\u00e3o sobre Cultura Afroperuana, os Congressos de Investiga\u00e7\u00e3o em Educa\u00e7\u00e3o Arte e Cultura da Escola Superior de Folklore \u00abJos\u00e9 Mar\u00eda Arguedas\u00bb e o Programa de Posgrado en Antropolog\u00eda Social da Universidade Federal de R\u00edo de janeiro. Em 2022, Yim R. Samp\u00e9rtegui ingressou no Taller de Estudios Art\u00edsticos de Chiclayo como Coordenador da \u00c1rea de Pesquisa. Em 2023, apresentou o seu \u00e1lbum \u00abAs\u00ed es el Baile Tierra de Za\u00f1a\u00bb, resultado do seu trabalho de investiga\u00e7\u00e3o.<\/p>\n","protected":false},"excerpt":{"rendered":"<p>Alex Guerrero Chinga \u00e9 payador e cantor de cueca. \u00c9 membro do grupo De Improviso (Cueca Improvisada) e fundador da Corporaci\u00f3n Versos de Ida y Vuelta, dedicada \u00e0 pesquisa, divulga\u00e7\u00e3o e forma\u00e7\u00e3o em poesia cantada latino-americana. &nbsp; Tamb\u00e9m participa como gestor em La Chingana Chinga, um espa\u00e7o para a preserva\u00e7\u00e3o das tradi\u00e7\u00f5es culin\u00e1rias e musicais [&hellip;]<\/p>\n","protected":false},"author":7,"featured_media":18063,"comment_status":"closed","ping_status":"closed","sticky":false,"template":"","format":"standard","meta":{"footnotes":""},"categories":[218],"tags":[],"class_list":["post-17615","post","type-post","status-publish","format-standard","has-post-thumbnail","hentry","category-noticias-generales-pt"],"lang":"pt","translations":{"pt":17615},"pll_sync_post":[],"post_mailing_queue_ids":[],"_links":{"self":[{"href":"http:\/\/staging.ibermusicas.org\/index.php\/wp-json\/wp\/v2\/posts\/17615","targetHints":{"allow":["GET"]}}],"collection":[{"href":"http:\/\/staging.ibermusicas.org\/index.php\/wp-json\/wp\/v2\/posts"}],"about":[{"href":"http:\/\/staging.ibermusicas.org\/index.php\/wp-json\/wp\/v2\/types\/post"}],"author":[{"embeddable":true,"href":"http:\/\/staging.ibermusicas.org\/index.php\/wp-json\/wp\/v2\/users\/7"}],"replies":[{"embeddable":true,"href":"http:\/\/staging.ibermusicas.org\/index.php\/wp-json\/wp\/v2\/comments?post=17615"}],"version-history":[{"count":1,"href":"http:\/\/staging.ibermusicas.org\/index.php\/wp-json\/wp\/v2\/posts\/17615\/revisions"}],"predecessor-version":[{"id":17616,"href":"http:\/\/staging.ibermusicas.org\/index.php\/wp-json\/wp\/v2\/posts\/17615\/revisions\/17616"}],"wp:featuredmedia":[{"embeddable":true,"href":"http:\/\/staging.ibermusicas.org\/index.php\/wp-json\/wp\/v2\/media\/18063"}],"wp:attachment":[{"href":"http:\/\/staging.ibermusicas.org\/index.php\/wp-json\/wp\/v2\/media?parent=17615"}],"wp:term":[{"taxonomy":"category","embeddable":true,"href":"http:\/\/staging.ibermusicas.org\/index.php\/wp-json\/wp\/v2\/categories?post=17615"},{"taxonomy":"post_tag","embeddable":true,"href":"http:\/\/staging.ibermusicas.org\/index.php\/wp-json\/wp\/v2\/tags?post=17615"}],"curies":[{"name":"wp","href":"https:\/\/api.w.org\/{rel}","templated":true}]}}