{"id":17620,"date":"2023-12-29T17:13:08","date_gmt":"2023-12-29T17:13:08","guid":{"rendered":"http:\/\/staging.ibermusicas.org\/?p=17620"},"modified":"2024-02-28T21:48:32","modified_gmt":"2024-02-28T21:48:32","slug":"el-maestro-aurelio-nogueira-de-brasil-inicia-su-programa-de-formacion-en-direccion-de-banda-de-viento-en-el-conservatorio-regional-de-musica-de-viseu-portugal","status":"publish","type":"post","link":"http:\/\/staging.ibermusicas.org\/index.php\/el-maestro-aurelio-nogueira-de-brasil-inicia-su-programa-de-formacion-en-direccion-de-banda-de-viento-en-el-conservatorio-regional-de-musica-de-viseu-portugal\/","title":{"rendered":"El Maestro Aur\u00e9lio Nogueira, de Brasil, inicia su programa de formaci\u00f3n en direcci\u00f3n de banda de viento en el Conservatorio Regional de M\u00fasica de Viseu, Portugal"},"content":{"rendered":"<p>El objetivo de esta especializaci\u00f3n es favorecer un proceso de formaci\u00f3n t\u00e9cnica e interpretativa entre el Maestro Aur\u00e9lio Nogueira y el Maestro Cl\u00e1udio Ferreira, profesor del Conservatorio Regional de M\u00fasica de Viseu en direcci\u00f3n de banda de viento y orquesta.<\/p>\n<p>&nbsp;<\/p>\n<p>Este curso aporta al intercambio de experiencias entre Brasil y Portugal, tanto en lo que se refiere al repertorio como a las ricas experiencias musicales que cada pa\u00eds puede ofrecer en pos de una formaci\u00f3n m\u00e1s profunda en el trabajo de direcci\u00f3n de bandas de viento y orquestas.<\/p>\n<p>&nbsp;<\/p>\n<p>La oportunidad de estudiar en un conservatorio con m\u00e1s de 30 a\u00f1os de existencia en Europa abrir\u00e1 a\u00fan m\u00e1s la internacionalizaci\u00f3n y la experiencia de la m\u00fasica brasile\u00f1a y europea, ya que el repertorio incluir\u00e1 m\u00e1s del 65% de obras de compositores brasile\u00f1os y el 35% restante de compositores portugueses contribuyendo as\u00ed a la historia y el legado de la m\u00fasica luso-brasile\u00f1a.<\/p>\n<p>&nbsp;<\/p>\n<p>Aur\u00e9lio Nogueira ha sido ganador de las Ayudas para la especializaci\u00f3n y el perfeccionamiento art\u00edstico y t\u00e9cnico del sector musical del Programa Iberm\u00fasicas.<\/p>\n","protected":false},"excerpt":{"rendered":"<p>El objetivo de esta especializaci\u00f3n es favorecer un proceso de formaci\u00f3n t\u00e9cnica e interpretativa entre el Maestro Aur\u00e9lio Nogueira y el Maestro Cl\u00e1udio Ferreira, profesor del Conservatorio Regional de M\u00fasica de Viseu en direcci\u00f3n de banda de viento y orquesta. &nbsp; Este curso aporta al intercambio de experiencias entre Brasil y Portugal, tanto en lo [&hellip;]<\/p>\n","protected":false},"author":7,"featured_media":18066,"comment_status":"closed","ping_status":"closed","sticky":false,"template":"","format":"standard","meta":{"footnotes":""},"categories":[53],"tags":[],"class_list":["post-17620","post","type-post","status-publish","format-standard","has-post-thumbnail","hentry","category-noticias-generales"],"lang":"es","translations":{"es":17620},"pll_sync_post":[],"post_mailing_queue_ids":[],"_links":{"self":[{"href":"http:\/\/staging.ibermusicas.org\/index.php\/wp-json\/wp\/v2\/posts\/17620","targetHints":{"allow":["GET"]}}],"collection":[{"href":"http:\/\/staging.ibermusicas.org\/index.php\/wp-json\/wp\/v2\/posts"}],"about":[{"href":"http:\/\/staging.ibermusicas.org\/index.php\/wp-json\/wp\/v2\/types\/post"}],"author":[{"embeddable":true,"href":"http:\/\/staging.ibermusicas.org\/index.php\/wp-json\/wp\/v2\/users\/7"}],"replies":[{"embeddable":true,"href":"http:\/\/staging.ibermusicas.org\/index.php\/wp-json\/wp\/v2\/comments?post=17620"}],"version-history":[{"count":1,"href":"http:\/\/staging.ibermusicas.org\/index.php\/wp-json\/wp\/v2\/posts\/17620\/revisions"}],"predecessor-version":[{"id":17622,"href":"http:\/\/staging.ibermusicas.org\/index.php\/wp-json\/wp\/v2\/posts\/17620\/revisions\/17622"}],"wp:featuredmedia":[{"embeddable":true,"href":"http:\/\/staging.ibermusicas.org\/index.php\/wp-json\/wp\/v2\/media\/18066"}],"wp:attachment":[{"href":"http:\/\/staging.ibermusicas.org\/index.php\/wp-json\/wp\/v2\/media?parent=17620"}],"wp:term":[{"taxonomy":"category","embeddable":true,"href":"http:\/\/staging.ibermusicas.org\/index.php\/wp-json\/wp\/v2\/categories?post=17620"},{"taxonomy":"post_tag","embeddable":true,"href":"http:\/\/staging.ibermusicas.org\/index.php\/wp-json\/wp\/v2\/tags?post=17620"}],"curies":[{"name":"wp","href":"https:\/\/api.w.org\/{rel}","templated":true}]}}