{"id":17623,"date":"2023-12-29T17:15:35","date_gmt":"2023-12-29T17:15:35","guid":{"rendered":"http:\/\/staging.ibermusicas.org\/?p=17623"},"modified":"2024-02-28T21:49:36","modified_gmt":"2024-02-28T21:49:36","slug":"o-maestro-aurelio-nogueira-do-brasil-inicia-seu-processo-de-treinamento-e-aperfeicoamento-em-regencia-de-bandas-de-sopros-no-conservatorio-regional-de-musica-de-viseu-portugal","status":"publish","type":"post","link":"http:\/\/staging.ibermusicas.org\/index.php\/o-maestro-aurelio-nogueira-do-brasil-inicia-seu-processo-de-treinamento-e-aperfeicoamento-em-regencia-de-bandas-de-sopros-no-conservatorio-regional-de-musica-de-viseu-portugal\/","title":{"rendered":"O Maestro Aur\u00e9lio Nogueira do Brasil inicia seu processo de treinamento e aperfei\u00e7oamento em reg\u00eancia de bandas de sopros no Conservat\u00f3rio Regional de M\u00fasica de Viseu, Portugal"},"content":{"rendered":"<p>O treinamento tem como objetivo realizar uma forma\u00e7\u00e3o t\u00e9cnica interpretativa entre o Maestro Aur\u00e9lio Nogueira e o Maestro Cl\u00e1udio Ferreira, professor do Conservat\u00f3rio Regional de M\u00fasica de Viseu em reg\u00eancia de bandas e orquestra de sopro.<\/p>\n<p>&nbsp;<\/p>\n<p>Este curso contribui para o interc\u00e2mbio de experi\u00eancias entre Brasil e Portugal, tanto em termos de repert\u00f3rio quanto das ricas experi\u00eancias musicais que cada pa\u00eds pode oferecer para uma forma\u00e7\u00e3o mais aprofundada no trabalho de reg\u00eancia de bandas de sopro e orquestras.<\/p>\n<p>&nbsp;<\/p>\n<p>A oportunidade de estudar em um conservat\u00f3rio com mais de 30 anos de exist\u00eancia na Europa abrir\u00e1 ainda mais a internacionaliza\u00e7\u00e3o e a viv\u00eancia da m\u00fasica brasileira e da m\u00fasica europeia, uma vez que o repert\u00f3rio ter\u00e1 mais de 65% de obras de compositores brasileiros e o restante dos 35% de compositores portugueses contribuindo deste modo com a hist\u00f3ria e o legado da m\u00fasica luso-brasileira.<\/p>\n<p>&nbsp;<\/p>\n<p>Aur\u00e9lio Nogueira \u00e9 vencedor das ajudas do Programa Iberm\u00fasicas para a especializa\u00e7\u00e3o e aperfei\u00e7oamento art\u00edstico e t\u00e9cnico do sector da m\u00fasical.<\/p>\n","protected":false},"excerpt":{"rendered":"<p>O treinamento tem como objetivo realizar uma forma\u00e7\u00e3o t\u00e9cnica interpretativa entre o Maestro Aur\u00e9lio Nogueira e o Maestro Cl\u00e1udio Ferreira, professor do Conservat\u00f3rio Regional de M\u00fasica de Viseu em reg\u00eancia de bandas e orquestra de sopro. &nbsp; Este curso contribui para o interc\u00e2mbio de experi\u00eancias entre Brasil e Portugal, tanto em termos de repert\u00f3rio quanto [&hellip;]<\/p>\n","protected":false},"author":7,"featured_media":18066,"comment_status":"closed","ping_status":"closed","sticky":false,"template":"","format":"standard","meta":{"footnotes":""},"categories":[218],"tags":[],"class_list":["post-17623","post","type-post","status-publish","format-standard","has-post-thumbnail","hentry","category-noticias-generales-pt"],"lang":"pt","translations":{"pt":17623},"pll_sync_post":[],"post_mailing_queue_ids":[],"_links":{"self":[{"href":"http:\/\/staging.ibermusicas.org\/index.php\/wp-json\/wp\/v2\/posts\/17623","targetHints":{"allow":["GET"]}}],"collection":[{"href":"http:\/\/staging.ibermusicas.org\/index.php\/wp-json\/wp\/v2\/posts"}],"about":[{"href":"http:\/\/staging.ibermusicas.org\/index.php\/wp-json\/wp\/v2\/types\/post"}],"author":[{"embeddable":true,"href":"http:\/\/staging.ibermusicas.org\/index.php\/wp-json\/wp\/v2\/users\/7"}],"replies":[{"embeddable":true,"href":"http:\/\/staging.ibermusicas.org\/index.php\/wp-json\/wp\/v2\/comments?post=17623"}],"version-history":[{"count":1,"href":"http:\/\/staging.ibermusicas.org\/index.php\/wp-json\/wp\/v2\/posts\/17623\/revisions"}],"predecessor-version":[{"id":17624,"href":"http:\/\/staging.ibermusicas.org\/index.php\/wp-json\/wp\/v2\/posts\/17623\/revisions\/17624"}],"wp:featuredmedia":[{"embeddable":true,"href":"http:\/\/staging.ibermusicas.org\/index.php\/wp-json\/wp\/v2\/media\/18066"}],"wp:attachment":[{"href":"http:\/\/staging.ibermusicas.org\/index.php\/wp-json\/wp\/v2\/media?parent=17623"}],"wp:term":[{"taxonomy":"category","embeddable":true,"href":"http:\/\/staging.ibermusicas.org\/index.php\/wp-json\/wp\/v2\/categories?post=17623"},{"taxonomy":"post_tag","embeddable":true,"href":"http:\/\/staging.ibermusicas.org\/index.php\/wp-json\/wp\/v2\/tags?post=17623"}],"curies":[{"name":"wp","href":"https:\/\/api.w.org\/{rel}","templated":true}]}}