{"id":17625,"date":"2023-12-29T17:19:59","date_gmt":"2023-12-29T17:19:59","guid":{"rendered":"http:\/\/staging.ibermusicas.org\/?p=17625"},"modified":"2024-02-28T21:50:45","modified_gmt":"2024-02-28T21:50:45","slug":"el-musico-peruano-jose-miguel-huamani-inicia-su-curso-especializacion-en-viola-da-gamba-en-suiza-con-el-maestro-teodoro-bau","status":"publish","type":"post","link":"http:\/\/staging.ibermusicas.org\/index.php\/el-musico-peruano-jose-miguel-huamani-inicia-su-curso-especializacion-en-viola-da-gamba-en-suiza-con-el-maestro-teodoro-bau\/","title":{"rendered":"El m\u00fasico peruano Jos\u00e9 Miguel Huamani inicia su curso especializaci\u00f3n en viola da gamba en Suiza con el maestro Teodoro Bau"},"content":{"rendered":"<p>Jos\u00e9 Miguel Huamani inici\u00f3 sus estudios musicales en el Conservatorio Nacional de M\u00fasica, pasando por las especialidades de violonchelo moderno, formaci\u00f3n musical y finalmente musicolog\u00eda hist\u00f3rica. Interesado por la m\u00fasica antigua, decide formarse como violista da gamba, convirti\u00e9ndose en el primer alumno dedicado al instrumento en el Per\u00fa. Dentro de su tiempo en el Per\u00fa, destaca la fundaci\u00f3n de la orquesta barroca de la Universidad Nacional de M\u00fasica, y el\u00a0 Festival de M\u00fasica Antigua de la misma instituci\u00f3n.<\/p>\n<p>&nbsp;<\/p>\n<p>Viaja a Francia en el 2020 para poder iniciar una formaci\u00f3n de primer nivel en la viola da gamba, entrando en el conservatorio regional de Besan\u00e7on y luego en el Conservatorio Nacional Superior de Lyon. Ha fundado el ensamble Transatl\u00e1ntico, formado por m\u00fasicos latinos y europeos en Lyon, dedic\u00e1ndose al estudio e interpretaci\u00f3n del repertorio Latinoamericano previo al siglo XIX, y actualmente desarrolla proyectos de m\u00fasica barroco-andina para la viola da gamba.<\/p>\n<p>&nbsp;<\/p>\n<p>En este curso de especializaci\u00f3n en Basilea, Suiza, trabajar\u00e1 de forma intensiva la t\u00e9cnica desarrollada por Teodoro Bau para la viola da gamba y realizar\u00e1 conciertos en Rhone y en Ginebra.<\/p>\n<p>&nbsp;<\/p>\n<p>Nacido en Italia, Teodoro Ba\u00f9 comenz\u00f3 a aprender viola da gamba a una edad temprana con Claudia Pasetto. Posteriormente, termin\u00f3 sus estudios con Alberto Rasi, gradu\u00e1ndose summa cum laude. Tambi\u00e9n estudi\u00f3 la\u00fad renacentista con Massimo Lonardi en Venecia. Posteriormente, estudi\u00f3 en la Schola Cantorum Basiliensis y en la Universidad Mozarteum de Salzburgo. Gan\u00f3 el primer premio Outhere en el Concurso MA Festival de Brujas y adem\u00e1s, obtuvo el primer premio en el Concurso Bach-Abel de K\u00f6then. Recibi\u00f3 el apoyo de la Beca de la Confederaci\u00f3n Suiza para la Excelencia en las Artes. Ense\u00f1a viola da gamba en el curso de verano de m\u00fasica antigua de Urbino, Italia. Afincado en Basilea, en los \u00faltimos a\u00f1os alterna la actividad solista con la de m\u00fasica de c\u00e1mara siendo miembro del conjunto \u00abLa Fonte Musica\u00bb.<\/p>\n<p>&nbsp;<\/p>\n","protected":false},"excerpt":{"rendered":"<p>Jos\u00e9 Miguel Huamani inici\u00f3 sus estudios musicales en el Conservatorio Nacional de M\u00fasica, pasando por las especialidades de violonchelo moderno, formaci\u00f3n musical y finalmente musicolog\u00eda hist\u00f3rica. Interesado por la m\u00fasica antigua, decide formarse como violista da gamba, convirti\u00e9ndose en el primer alumno dedicado al instrumento en el Per\u00fa. Dentro de su tiempo en el Per\u00fa, [&hellip;]<\/p>\n","protected":false},"author":7,"featured_media":18067,"comment_status":"closed","ping_status":"closed","sticky":false,"template":"","format":"standard","meta":{"footnotes":""},"categories":[53],"tags":[],"class_list":["post-17625","post","type-post","status-publish","format-standard","has-post-thumbnail","hentry","category-noticias-generales"],"lang":"es","translations":{"es":17625},"pll_sync_post":[],"post_mailing_queue_ids":[],"_links":{"self":[{"href":"http:\/\/staging.ibermusicas.org\/index.php\/wp-json\/wp\/v2\/posts\/17625","targetHints":{"allow":["GET"]}}],"collection":[{"href":"http:\/\/staging.ibermusicas.org\/index.php\/wp-json\/wp\/v2\/posts"}],"about":[{"href":"http:\/\/staging.ibermusicas.org\/index.php\/wp-json\/wp\/v2\/types\/post"}],"author":[{"embeddable":true,"href":"http:\/\/staging.ibermusicas.org\/index.php\/wp-json\/wp\/v2\/users\/7"}],"replies":[{"embeddable":true,"href":"http:\/\/staging.ibermusicas.org\/index.php\/wp-json\/wp\/v2\/comments?post=17625"}],"version-history":[{"count":1,"href":"http:\/\/staging.ibermusicas.org\/index.php\/wp-json\/wp\/v2\/posts\/17625\/revisions"}],"predecessor-version":[{"id":17627,"href":"http:\/\/staging.ibermusicas.org\/index.php\/wp-json\/wp\/v2\/posts\/17625\/revisions\/17627"}],"wp:featuredmedia":[{"embeddable":true,"href":"http:\/\/staging.ibermusicas.org\/index.php\/wp-json\/wp\/v2\/media\/18067"}],"wp:attachment":[{"href":"http:\/\/staging.ibermusicas.org\/index.php\/wp-json\/wp\/v2\/media?parent=17625"}],"wp:term":[{"taxonomy":"category","embeddable":true,"href":"http:\/\/staging.ibermusicas.org\/index.php\/wp-json\/wp\/v2\/categories?post=17625"},{"taxonomy":"post_tag","embeddable":true,"href":"http:\/\/staging.ibermusicas.org\/index.php\/wp-json\/wp\/v2\/tags?post=17625"}],"curies":[{"name":"wp","href":"https:\/\/api.w.org\/{rel}","templated":true}]}}