{"id":17628,"date":"2023-12-29T17:21:22","date_gmt":"2023-12-29T17:21:22","guid":{"rendered":"http:\/\/staging.ibermusicas.org\/?p=17628"},"modified":"2024-02-28T21:52:50","modified_gmt":"2024-02-28T21:52:50","slug":"o-musico-peruano-jose-miguel-huamani-inicia-o-seu-curso-de-especializacao-em-viola-da-gamba-na-suica-com-o-maestro-teodoro-bau","status":"publish","type":"post","link":"http:\/\/staging.ibermusicas.org\/index.php\/o-musico-peruano-jose-miguel-huamani-inicia-o-seu-curso-de-especializacao-em-viola-da-gamba-na-suica-com-o-maestro-teodoro-bau\/","title":{"rendered":"O m\u00fasico peruano Jos\u00e9 Miguel Huamani inicia o seu curso de especializa\u00e7\u00e3o em viola da gamba na Su\u00ed\u00e7a com o maestro Teodoro Bau"},"content":{"rendered":"<p>Jos\u00e9 Miguel Huamani iniciou os seus estudos musicais no Conservat\u00f3rio Nacional de M\u00fasica, especializando-se em violoncelo moderno, forma\u00e7\u00e3o musical e, finalmente, musicologia hist\u00f3rica. Interessado pela m\u00fasica antiga, decidiu formar-se como violista da gamba, tornando-se o primeiro aluno dedicado ao instrumento no Peru. Durante a sua estadia no Peru, fundou a orquestra barroca da Universidade Nacional de M\u00fasica e o Festival de M\u00fasica Antiga da mesma institui\u00e7\u00e3o.<\/p>\n<p>&nbsp;<\/p>\n<p>Viaja para Fran\u00e7a em 2020 para iniciar uma forma\u00e7\u00e3o de primeiro n\u00edvel em viola da gamba, ingressando no conservat\u00f3rio regional de Besan\u00e7on e depois no Conservatoire National Sup\u00e9rieur de Lyon. Fundou o ensemble Transatl\u00e2ntico, formado por m\u00fasicos latinos e europeus em Lyon, dedicado ao estudo e \u00e0 execu\u00e7\u00e3o do repert\u00f3rio latino-americano anterior ao s\u00e9culo XIX, e desenvolve atualmente projetos de m\u00fasica barroco-andina para viola da gamba.<\/p>\n<p>&nbsp;<\/p>\n<p>Neste curso de especializa\u00e7\u00e3o em Basileia, na Su\u00ed\u00e7a, trabalhar\u00e1 intensamente a t\u00e9cnica desenvolvida por Teodoro Bau para a viola da gamba e dar\u00e1 concertos no R\u00f3dano e em Genebra.<\/p>\n<p>&nbsp;<\/p>\n<p>Nascido na It\u00e1lia, Teodoro Ba\u00f9 come\u00e7ou a aprender viola da gamba muito cedo com Claudia Pasetto. Mais tarde, completou os seus estudos com Alberto Rasi, graduando-se summa cum laude. Estudou tamb\u00e9m ala\u00fade renascentista com Massimo Lonardi em Veneza. Posteriormente, estudou na Schola Cantorum Basiliensis e na Universidade Mozarteum de Salzburgo. Ganhou o primeiro pr\u00e9mio Outhere no Concurso do Festival MA em Bruges e tamb\u00e9m ganhou o primeiro pr\u00e9mio no Concurso Bach-Abel em K\u00f6then. Recebeu o apoio da Bolsa de Estudo da Confedera\u00e7\u00e3o Su\u00ed\u00e7a para a Excel\u00eancia nas Artes. Ensina viola da gamba no curso de ver\u00e3o de m\u00fasica antiga em Urbino, It\u00e1lia. Radicado em Basileia, nos \u00faltimos anos tem alternado as suas actividades de solista e de m\u00fasica de c\u00e2mara como membro do ensemble \u00abLa Fonte Musica\u00bb.<\/p>\n","protected":false},"excerpt":{"rendered":"<p>Jos\u00e9 Miguel Huamani iniciou os seus estudos musicais no Conservat\u00f3rio Nacional de M\u00fasica, especializando-se em violoncelo moderno, forma\u00e7\u00e3o musical e, finalmente, musicologia hist\u00f3rica. Interessado pela m\u00fasica antiga, decidiu formar-se como violista da gamba, tornando-se o primeiro aluno dedicado ao instrumento no Peru. Durante a sua estadia no Peru, fundou a orquestra barroca da Universidade Nacional [&hellip;]<\/p>\n","protected":false},"author":7,"featured_media":18067,"comment_status":"closed","ping_status":"closed","sticky":false,"template":"","format":"standard","meta":{"footnotes":""},"categories":[218],"tags":[],"class_list":["post-17628","post","type-post","status-publish","format-standard","has-post-thumbnail","hentry","category-noticias-generales-pt"],"lang":"pt","translations":{"pt":17628},"pll_sync_post":[],"post_mailing_queue_ids":[],"_links":{"self":[{"href":"http:\/\/staging.ibermusicas.org\/index.php\/wp-json\/wp\/v2\/posts\/17628","targetHints":{"allow":["GET"]}}],"collection":[{"href":"http:\/\/staging.ibermusicas.org\/index.php\/wp-json\/wp\/v2\/posts"}],"about":[{"href":"http:\/\/staging.ibermusicas.org\/index.php\/wp-json\/wp\/v2\/types\/post"}],"author":[{"embeddable":true,"href":"http:\/\/staging.ibermusicas.org\/index.php\/wp-json\/wp\/v2\/users\/7"}],"replies":[{"embeddable":true,"href":"http:\/\/staging.ibermusicas.org\/index.php\/wp-json\/wp\/v2\/comments?post=17628"}],"version-history":[{"count":1,"href":"http:\/\/staging.ibermusicas.org\/index.php\/wp-json\/wp\/v2\/posts\/17628\/revisions"}],"predecessor-version":[{"id":17629,"href":"http:\/\/staging.ibermusicas.org\/index.php\/wp-json\/wp\/v2\/posts\/17628\/revisions\/17629"}],"wp:featuredmedia":[{"embeddable":true,"href":"http:\/\/staging.ibermusicas.org\/index.php\/wp-json\/wp\/v2\/media\/18067"}],"wp:attachment":[{"href":"http:\/\/staging.ibermusicas.org\/index.php\/wp-json\/wp\/v2\/media?parent=17628"}],"wp:term":[{"taxonomy":"category","embeddable":true,"href":"http:\/\/staging.ibermusicas.org\/index.php\/wp-json\/wp\/v2\/categories?post=17628"},{"taxonomy":"post_tag","embeddable":true,"href":"http:\/\/staging.ibermusicas.org\/index.php\/wp-json\/wp\/v2\/tags?post=17628"}],"curies":[{"name":"wp","href":"https:\/\/api.w.org\/{rel}","templated":true}]}}