{"id":17635,"date":"2023-12-29T17:24:49","date_gmt":"2023-12-29T17:24:49","guid":{"rendered":"http:\/\/staging.ibermusicas.org\/?p=17635"},"modified":"2024-02-28T21:55:15","modified_gmt":"2024-02-28T21:55:15","slug":"a-cantora-e-compositora-brasileira-monise-borges-apresenta-seu-album-punare-na-aldeia-ukair-em-teresina-estado-do-piaui","status":"publish","type":"post","link":"http:\/\/staging.ibermusicas.org\/index.php\/a-cantora-e-compositora-brasileira-monise-borges-apresenta-seu-album-punare-na-aldeia-ukair-em-teresina-estado-do-piaui\/","title":{"rendered":"A cantora e compositora brasileira Monise Borges apresenta seu \u00e1lbum \u201cPunar\u00e9\u201d na Aldeia Ukair em Teresina, estado do Piau\u00ed"},"content":{"rendered":"<p>Monise Borges est\u00e1 prestes a lan\u00e7ar o seu novo \u00e1lbum intitulado \u00abPunar\u00e9\u00bb. Este trabalho musical mergulha na ascend\u00eancia ind\u00edgena da artista, revelando as profundezas de sua ancestralidade por meio das \u00e1guas do Rio Punar\u00e9, hoje reconhecido como Rio Parna\u00edba.<\/p>\n<p>&nbsp;<\/p>\n<p>Nascida no Piau\u00ed, Monise Borges acumula mais de duas d\u00e9cadas de dedica\u00e7\u00e3o \u00e0 sua carreira musical, destacando-se como uma refer\u00eancia na cena art\u00edstica. Para celebrar este marco significativo, a artista vai realizar uma apresenta\u00e7\u00e3o de lan\u00e7amento exclusiva na Aldeia Ukair, em Teresina. Promete ser um momento \u00edmpar de celebra\u00e7\u00e3o da musicalidade, da hist\u00f3ria, das lutas e dos futuros dos povos ind\u00edgenas.<\/p>\n<p>&nbsp;<\/p>\n<p>A Aldeia Ukair servir\u00e1 como palco para uma performance \u00fanica, onde Monise Borges compartilhar\u00e1 n\u00e3o apenas as notas envolventes de seu novo \u00e1lbum, mas tamb\u00e9m a riqueza cultural e a profundidade art\u00edstica que permeiam sua trajet\u00f3ria, com participa\u00e7\u00e3o fundamental de pessoas da pr\u00f3pria comunidade da Aldeia.<\/p>\n<p>&nbsp;<\/p>\n<p>Monise Borges tem uma discografia focada em suas pr\u00f3prias composi\u00e7\u00f5es, que cantam o amor, suas dores, suas ra\u00edzes e sua terra. J\u00e1 lan\u00e7ou os \u00e1lbuns \u201cPenso em ti\u201d (2008) e \u201cAmor em Prel\u00fadio\u201d (2013), os EPs \u201cAlgo teu\u201d (2018), \u201cN\u00e3o v\u00e3o nos calar\u201d (2021) e \u201cPra ficar agarradin\u201d (2021) e os singles \u201cMemoriar\u201d (2020) e \u201cVai Passar\u201d (2021). Fez curso livre em Canto Popular no Conservat\u00f3rio Souza Lima, filiado a Berklee, e \u00e9 formada em Licenciatura em M\u00fasica pela Universidade Federal do Piau\u00ed, al\u00e9m de ter feito interc\u00e2mbio na Universidad de Antioquia (Col\u00f4mbia) e resid\u00eancia de compositores do Programa Iberm\u00fasicas na Universidad de Costa Rica, sob orienta\u00e7\u00e3o de Carlos Jos\u00e9 Castro, detentor do Grammy Latino. Cantora e compositora premiada em v\u00e1rios festivais, Monise transforma em m\u00fasica suas viv\u00eancias e sua cont\u00ednua busca por suas ra\u00edzes ancestrais.<\/p>\n<p>&nbsp;<\/p>\n<p><em>\u201cAssim como eu, muitas pessoas est\u00e3o no processo de retomada da sua ancestralidade ind\u00edgena e se reorganizando como povos ind\u00edgenas. Por isso, o lan\u00e7amento de um \u00e1lbum com dez m\u00fasicas in\u00e9ditas, tendo parceria com o artista colombiano William Posada, ap\u00f3s um intenso processo de pesquisa e viv\u00eancias, que cont\u00eam esse universo e esses sentimentos, t\u00eam grande import\u00e2ncia para minha vida, para minha arte e para todas as pessoas latino-americanas que est\u00e3o em busca da retomada da sua ancestralidade ind\u00edgena\u201d. <\/em><\/p>\n<p>&nbsp;<\/p>\n<p>Este proyecto de Monise Borges ha sido premiado por Iberm\u00fasicas en el marco de sus Ayudas al Sector Musical en Modalidad Virtual, convocatoria 2022<\/p>\n<p>&nbsp;<\/p>\n<ul>\n<li>S\u00e1bado 27 de janeiro, 19h: Aldeia Ukair<\/li>\n<\/ul>\n","protected":false},"excerpt":{"rendered":"<p>Monise Borges est\u00e1 prestes a lan\u00e7ar o seu novo \u00e1lbum intitulado \u00abPunar\u00e9\u00bb. Este trabalho musical mergulha na ascend\u00eancia ind\u00edgena da artista, revelando as profundezas de sua ancestralidade por meio das \u00e1guas do Rio Punar\u00e9, hoje reconhecido como Rio Parna\u00edba. &nbsp; Nascida no Piau\u00ed, Monise Borges acumula mais de duas d\u00e9cadas de dedica\u00e7\u00e3o \u00e0 sua carreira [&hellip;]<\/p>\n","protected":false},"author":7,"featured_media":18068,"comment_status":"closed","ping_status":"closed","sticky":false,"template":"","format":"standard","meta":{"footnotes":""},"categories":[218],"tags":[],"class_list":["post-17635","post","type-post","status-publish","format-standard","has-post-thumbnail","hentry","category-noticias-generales-pt"],"lang":"pt","translations":{"pt":17635},"pll_sync_post":[],"post_mailing_queue_ids":[],"_links":{"self":[{"href":"http:\/\/staging.ibermusicas.org\/index.php\/wp-json\/wp\/v2\/posts\/17635","targetHints":{"allow":["GET"]}}],"collection":[{"href":"http:\/\/staging.ibermusicas.org\/index.php\/wp-json\/wp\/v2\/posts"}],"about":[{"href":"http:\/\/staging.ibermusicas.org\/index.php\/wp-json\/wp\/v2\/types\/post"}],"author":[{"embeddable":true,"href":"http:\/\/staging.ibermusicas.org\/index.php\/wp-json\/wp\/v2\/users\/7"}],"replies":[{"embeddable":true,"href":"http:\/\/staging.ibermusicas.org\/index.php\/wp-json\/wp\/v2\/comments?post=17635"}],"version-history":[{"count":1,"href":"http:\/\/staging.ibermusicas.org\/index.php\/wp-json\/wp\/v2\/posts\/17635\/revisions"}],"predecessor-version":[{"id":17636,"href":"http:\/\/staging.ibermusicas.org\/index.php\/wp-json\/wp\/v2\/posts\/17635\/revisions\/17636"}],"wp:featuredmedia":[{"embeddable":true,"href":"http:\/\/staging.ibermusicas.org\/index.php\/wp-json\/wp\/v2\/media\/18068"}],"wp:attachment":[{"href":"http:\/\/staging.ibermusicas.org\/index.php\/wp-json\/wp\/v2\/media?parent=17635"}],"wp:term":[{"taxonomy":"category","embeddable":true,"href":"http:\/\/staging.ibermusicas.org\/index.php\/wp-json\/wp\/v2\/categories?post=17635"},{"taxonomy":"post_tag","embeddable":true,"href":"http:\/\/staging.ibermusicas.org\/index.php\/wp-json\/wp\/v2\/tags?post=17635"}],"curies":[{"name":"wp","href":"https:\/\/api.w.org\/{rel}","templated":true}]}}