{"id":17637,"date":"2023-12-29T17:26:13","date_gmt":"2023-12-29T17:26:13","guid":{"rendered":"http:\/\/staging.ibermusicas.org\/?p=17637"},"modified":"2024-02-28T22:00:15","modified_gmt":"2024-02-28T22:00:15","slug":"un-musico-de-peru-y-uno-de-argentina-se-unen-para-el-proyecto-siguiendo-la-ruta-de-los-arrieros","status":"publish","type":"post","link":"http:\/\/staging.ibermusicas.org\/index.php\/un-musico-de-peru-y-uno-de-argentina-se-unen-para-el-proyecto-siguiendo-la-ruta-de-los-arrieros\/","title":{"rendered":"Un m\u00fasico de Per\u00fa y uno de Argentina se unen para el proyecto \u201cSiguiendo la Ruta de los Arrieros\u201d"},"content":{"rendered":"<p>Edwin Salamanca Garc\u00eda es productor, compositor y m\u00fasico de la ciudad de Tacna, Per\u00fa. Pedro Pardo es el l\u00edder de TAB\u00dc una banda de m\u00fasica tradicional de San Pedro, provincia de Jujuy, Argentina. Ambos ya han tenido la posibilidad de trabajar una zamba compuesta por Edwin e interpretada por Pedro y la Agrupaci\u00f3n Musical Encuentros de Tacna.<\/p>\n<p>&nbsp;<\/p>\n<p>Per\u00fa y Argentina est\u00e1n unidos no solo por el idioma, como es sabido, ambos pa\u00edses comparten la Cordillera de los Andes, en ambos pa\u00edses se habla el Quechua. Tambi\u00e9n comparten\u00a0 tradiciones musicales como los huaynos, anatas, tarkas, etc. Indudablemente, la zamba argentina es familiar<\/p>\n<p>directa de la marinera peruana.<\/p>\n<p>&nbsp;<\/p>\n<p>En tiempos del Virreinato hubieron muchos caminos de arrieros que llevaban productos desde las minas de Potos\u00ed hasta el Pac\u00edfico. Tacna fue un punto de llegada. Los arrieros no solo trasladaban sus productos, sino que tra\u00edan con ellos costumbres, m\u00fasica y tradiciones. Per\u00fa y Argentina comparten muchas de estas tradiciones a pesar de no ser pa\u00edses lim\u00edtrofes.<\/p>\n<p>&nbsp;<\/p>\n<p>Este proyecto tiene como objetivo grabar cuatro canciones que celebrar\u00e1n la rica herencia cultural de estas dos regiones a trav\u00e9s de la m\u00fasica. El proyecto ha sido premiado por Iberm\u00fasicas con sus Ayudas al Sector Musical en Modalidad Virtual, convocatoria 2023.<\/p>\n","protected":false},"excerpt":{"rendered":"<p>Edwin Salamanca Garc\u00eda es productor, compositor y m\u00fasico de la ciudad de Tacna, Per\u00fa. Pedro Pardo es el l\u00edder de TAB\u00dc una banda de m\u00fasica tradicional de San Pedro, provincia de Jujuy, Argentina. Ambos ya han tenido la posibilidad de trabajar una zamba compuesta por Edwin e interpretada por Pedro y la Agrupaci\u00f3n Musical Encuentros [&hellip;]<\/p>\n","protected":false},"author":7,"featured_media":18069,"comment_status":"closed","ping_status":"closed","sticky":false,"template":"","format":"standard","meta":{"footnotes":""},"categories":[53],"tags":[],"class_list":["post-17637","post","type-post","status-publish","format-standard","has-post-thumbnail","hentry","category-noticias-generales"],"lang":"es","translations":{"es":17637},"pll_sync_post":[],"post_mailing_queue_ids":[],"_links":{"self":[{"href":"http:\/\/staging.ibermusicas.org\/index.php\/wp-json\/wp\/v2\/posts\/17637","targetHints":{"allow":["GET"]}}],"collection":[{"href":"http:\/\/staging.ibermusicas.org\/index.php\/wp-json\/wp\/v2\/posts"}],"about":[{"href":"http:\/\/staging.ibermusicas.org\/index.php\/wp-json\/wp\/v2\/types\/post"}],"author":[{"embeddable":true,"href":"http:\/\/staging.ibermusicas.org\/index.php\/wp-json\/wp\/v2\/users\/7"}],"replies":[{"embeddable":true,"href":"http:\/\/staging.ibermusicas.org\/index.php\/wp-json\/wp\/v2\/comments?post=17637"}],"version-history":[{"count":1,"href":"http:\/\/staging.ibermusicas.org\/index.php\/wp-json\/wp\/v2\/posts\/17637\/revisions"}],"predecessor-version":[{"id":17639,"href":"http:\/\/staging.ibermusicas.org\/index.php\/wp-json\/wp\/v2\/posts\/17637\/revisions\/17639"}],"wp:featuredmedia":[{"embeddable":true,"href":"http:\/\/staging.ibermusicas.org\/index.php\/wp-json\/wp\/v2\/media\/18069"}],"wp:attachment":[{"href":"http:\/\/staging.ibermusicas.org\/index.php\/wp-json\/wp\/v2\/media?parent=17637"}],"wp:term":[{"taxonomy":"category","embeddable":true,"href":"http:\/\/staging.ibermusicas.org\/index.php\/wp-json\/wp\/v2\/categories?post=17637"},{"taxonomy":"post_tag","embeddable":true,"href":"http:\/\/staging.ibermusicas.org\/index.php\/wp-json\/wp\/v2\/tags?post=17637"}],"curies":[{"name":"wp","href":"https:\/\/api.w.org\/{rel}","templated":true}]}}