{"id":17640,"date":"2023-12-29T17:27:46","date_gmt":"2023-12-29T17:27:46","guid":{"rendered":"http:\/\/staging.ibermusicas.org\/?p=17640"},"modified":"2024-02-28T22:03:06","modified_gmt":"2024-02-28T22:03:06","slug":"um-musico-do-peru-e-um-musico-da-argentina-unem-forcas-para-o-projeto-seguindo-a-rota-dos-tropeiros","status":"publish","type":"post","link":"http:\/\/staging.ibermusicas.org\/index.php\/um-musico-do-peru-e-um-musico-da-argentina-unem-forcas-para-o-projeto-seguindo-a-rota-dos-tropeiros\/","title":{"rendered":"Um m\u00fasico do Peru e um m\u00fasico da Argentina unem for\u00e7as para o projeto \u00abSeguindo a Rota dos Tropeiros\u00bb"},"content":{"rendered":"<p>Edwin Salamanca Garc\u00eda \u00e9 um produtor, compositor e m\u00fasico de Tacna, Peru. Pedro Pardo \u00e9 o l\u00edder da TAB\u00dc, uma banda de m\u00fasica tradicional de San Pedro, prov\u00edncia de Jujuy, Argentina. Ambos j\u00e1 tiveram a oportunidade de trabalhar numa zamba composta por Edwin e interpretada por Pedro e a Agrupaci\u00f3n Musical Encuentros de Tacna.<\/p>\n<p>&nbsp;<\/p>\n<p>O Peru e a Argentina est\u00e3o unidos n\u00e3o s\u00f3 pela l\u00edngua, pois \u00e9 sabido que ambos os pa\u00edses partilham a Cordilheira dos Andes e que o quechua \u00e9 falado em ambos os pa\u00edses. Tamb\u00e9m partilham tradi\u00e7\u00f5es musicais como os huaynos, anatas, tarkas, etc. Sem d\u00favida, a zamba argentina \u00e9 um parente direto da marinera peruana.<\/p>\n<p>&nbsp;<\/p>\n<p>Na \u00e9poca do vice-reinado, havia muitos caminhos de tropeiros que levavam os produtos das minas de Potos\u00ed para o Pac\u00edfico. Tacna era um ponto de chegada. Os tropeiros n\u00e3o s\u00f3 transportavam os seus produtos, como tamb\u00e9m traziam consigo costumes, m\u00fasica e tradi\u00e7\u00f5es. O Peru e a Argentina partilham muitas destas tradi\u00e7\u00f5es, apesar de n\u00e3o serem pa\u00edses vizinhos.<\/p>\n<p>&nbsp;<\/p>\n<p>Este projeto tem como objetivo gravar quatro can\u00e7\u00f5es que ir\u00e3o celebrar o rico patrim\u00f3nio cultural destas duas regi\u00f5es atrav\u00e9s da m\u00fasica. O projeto foi premiado pelo Iberm\u00fasicas com as\u00a0 Ayudas ao Sector Musical en Modalidad Virtual, edital 2023.<\/p>\n","protected":false},"excerpt":{"rendered":"<p>Edwin Salamanca Garc\u00eda \u00e9 um produtor, compositor e m\u00fasico de Tacna, Peru. Pedro Pardo \u00e9 o l\u00edder da TAB\u00dc, uma banda de m\u00fasica tradicional de San Pedro, prov\u00edncia de Jujuy, Argentina. Ambos j\u00e1 tiveram a oportunidade de trabalhar numa zamba composta por Edwin e interpretada por Pedro e a Agrupaci\u00f3n Musical Encuentros de Tacna. &nbsp; [&hellip;]<\/p>\n","protected":false},"author":7,"featured_media":18069,"comment_status":"closed","ping_status":"closed","sticky":false,"template":"","format":"standard","meta":{"footnotes":""},"categories":[218],"tags":[],"class_list":["post-17640","post","type-post","status-publish","format-standard","has-post-thumbnail","hentry","category-noticias-generales-pt"],"lang":"pt","translations":{"pt":17640},"pll_sync_post":[],"post_mailing_queue_ids":[],"_links":{"self":[{"href":"http:\/\/staging.ibermusicas.org\/index.php\/wp-json\/wp\/v2\/posts\/17640","targetHints":{"allow":["GET"]}}],"collection":[{"href":"http:\/\/staging.ibermusicas.org\/index.php\/wp-json\/wp\/v2\/posts"}],"about":[{"href":"http:\/\/staging.ibermusicas.org\/index.php\/wp-json\/wp\/v2\/types\/post"}],"author":[{"embeddable":true,"href":"http:\/\/staging.ibermusicas.org\/index.php\/wp-json\/wp\/v2\/users\/7"}],"replies":[{"embeddable":true,"href":"http:\/\/staging.ibermusicas.org\/index.php\/wp-json\/wp\/v2\/comments?post=17640"}],"version-history":[{"count":1,"href":"http:\/\/staging.ibermusicas.org\/index.php\/wp-json\/wp\/v2\/posts\/17640\/revisions"}],"predecessor-version":[{"id":17641,"href":"http:\/\/staging.ibermusicas.org\/index.php\/wp-json\/wp\/v2\/posts\/17640\/revisions\/17641"}],"wp:featuredmedia":[{"embeddable":true,"href":"http:\/\/staging.ibermusicas.org\/index.php\/wp-json\/wp\/v2\/media\/18069"}],"wp:attachment":[{"href":"http:\/\/staging.ibermusicas.org\/index.php\/wp-json\/wp\/v2\/media?parent=17640"}],"wp:term":[{"taxonomy":"category","embeddable":true,"href":"http:\/\/staging.ibermusicas.org\/index.php\/wp-json\/wp\/v2\/categories?post=17640"},{"taxonomy":"post_tag","embeddable":true,"href":"http:\/\/staging.ibermusicas.org\/index.php\/wp-json\/wp\/v2\/tags?post=17640"}],"curies":[{"name":"wp","href":"https:\/\/api.w.org\/{rel}","templated":true}]}}