{"id":17645,"date":"2023-12-29T17:32:29","date_gmt":"2023-12-29T17:32:29","guid":{"rendered":"http:\/\/staging.ibermusicas.org\/?p=17645"},"modified":"2024-02-28T22:05:15","modified_gmt":"2024-02-28T22:05:15","slug":"da-argentina-morena-y-el-cesar-juntamente-com-zammar-jazz-fusion-apresentam-os-videos-dos-seus-dois-novos-singles","status":"publish","type":"post","link":"http:\/\/staging.ibermusicas.org\/index.php\/da-argentina-morena-y-el-cesar-juntamente-com-zammar-jazz-fusion-apresentam-os-videos-dos-seus-dois-novos-singles\/","title":{"rendered":"Da Argentina, Morena y El Cesar, juntamente com Zammar Jazz Fusi\u00f3n, apresentam os v\u00eddeos dos seus dois novos singles"},"content":{"rendered":"<p>Da prov\u00edncia de Salta, no norte da Argentina, Morena y El Cesar apresentam \u00abSue\u00f1o con Paz\u00bb (Sonho com a Paz):\u00a0 e \u00abGracias a Dios\u00bb (Gra\u00e7as a Deus).<\/p>\n<p>&nbsp;<\/p>\n<p>Morena y El Cesar s\u00e3o uma dupla da Col\u00f4mbia (El Cesar) e da Argentina (Morena Bajo el Sol) que fazem uma fus\u00e3o de rap com conte\u00fado espiritual, social e de valores, da cidade de Salta, na Argentina, para o mundo.<\/p>\n<p>&nbsp;<\/p>\n<p>&nbsp;<\/p>\n<p>Sue\u00f1o con Paz\u00a0 (Sonho com a Paz): <a href=\"https:\/\/www.youtube.com\/watch?v=ZZE4RzONjx4\">https:\/\/www.youtube.com\/watch?v=ZZE4RzONjx4<\/a><\/p>\n<p>&nbsp;<\/p>\n<p>Gracias a Dios (Gra\u00e7as a Deus): <a href=\"https:\/\/www.youtube.com\/watch?v=9aYqFlHsthI\">https:\/\/www.youtube.com\/watch?v=9aYqFlHsthI<\/a><\/p>\n","protected":false},"excerpt":{"rendered":"<p>Da prov\u00edncia de Salta, no norte da Argentina, Morena y El Cesar apresentam \u00abSue\u00f1o con Paz\u00bb (Sonho com a Paz):\u00a0 e \u00abGracias a Dios\u00bb (Gra\u00e7as a Deus). &nbsp; Morena y El Cesar s\u00e3o uma dupla da Col\u00f4mbia (El Cesar) e da Argentina (Morena Bajo el Sol) que fazem uma fus\u00e3o de rap com conte\u00fado espiritual, [&hellip;]<\/p>\n","protected":false},"author":7,"featured_media":18070,"comment_status":"closed","ping_status":"closed","sticky":false,"template":"","format":"standard","meta":{"footnotes":""},"categories":[218],"tags":[],"class_list":["post-17645","post","type-post","status-publish","format-standard","has-post-thumbnail","hentry","category-noticias-generales-pt"],"lang":"pt","translations":{"pt":17645},"pll_sync_post":[],"post_mailing_queue_ids":[],"_links":{"self":[{"href":"http:\/\/staging.ibermusicas.org\/index.php\/wp-json\/wp\/v2\/posts\/17645","targetHints":{"allow":["GET"]}}],"collection":[{"href":"http:\/\/staging.ibermusicas.org\/index.php\/wp-json\/wp\/v2\/posts"}],"about":[{"href":"http:\/\/staging.ibermusicas.org\/index.php\/wp-json\/wp\/v2\/types\/post"}],"author":[{"embeddable":true,"href":"http:\/\/staging.ibermusicas.org\/index.php\/wp-json\/wp\/v2\/users\/7"}],"replies":[{"embeddable":true,"href":"http:\/\/staging.ibermusicas.org\/index.php\/wp-json\/wp\/v2\/comments?post=17645"}],"version-history":[{"count":1,"href":"http:\/\/staging.ibermusicas.org\/index.php\/wp-json\/wp\/v2\/posts\/17645\/revisions"}],"predecessor-version":[{"id":17646,"href":"http:\/\/staging.ibermusicas.org\/index.php\/wp-json\/wp\/v2\/posts\/17645\/revisions\/17646"}],"wp:featuredmedia":[{"embeddable":true,"href":"http:\/\/staging.ibermusicas.org\/index.php\/wp-json\/wp\/v2\/media\/18070"}],"wp:attachment":[{"href":"http:\/\/staging.ibermusicas.org\/index.php\/wp-json\/wp\/v2\/media?parent=17645"}],"wp:term":[{"taxonomy":"category","embeddable":true,"href":"http:\/\/staging.ibermusicas.org\/index.php\/wp-json\/wp\/v2\/categories?post=17645"},{"taxonomy":"post_tag","embeddable":true,"href":"http:\/\/staging.ibermusicas.org\/index.php\/wp-json\/wp\/v2\/tags?post=17645"}],"curies":[{"name":"wp","href":"https:\/\/api.w.org\/{rel}","templated":true}]}}