{"id":17647,"date":"2023-12-29T17:35:50","date_gmt":"2023-12-29T17:35:50","guid":{"rendered":"http:\/\/staging.ibermusicas.org\/?p=17647"},"modified":"2024-02-28T22:06:59","modified_gmt":"2024-02-28T22:06:59","slug":"presentamos-itinerario-cancion-las-playlists-de-las-canciones-ganadoras-de-ibermusicas-2","status":"publish","type":"post","link":"http:\/\/staging.ibermusicas.org\/index.php\/presentamos-itinerario-cancion-las-playlists-de-las-canciones-ganadoras-de-ibermusicas-2\/","title":{"rendered":"Presentamos \u201cItinerario Canci\u00f3n\u201d, las playlists de las canciones ganadoras de Iberm\u00fasicas"},"content":{"rendered":"<p><strong>Hoy recomendamos \u201cBajo la luz de este mundo\u201d<\/strong><\/p>\n<p><strong>\u00a0<\/strong><\/p>\n<p><strong>\u00a0<\/strong><\/p>\n<p><em>\u201cLos d\u00edas y las vidas en las ciudades. Resonancias contempor\u00e1neas. Reflexiones inmanentes sobre el ser y sobre nuestra relaci\u00f3n con el entorno humano y urbano\u201d.<\/em><\/p>\n<p><em>\u00a0<\/em><\/p>\n<p>En todas las ediciones de nuestro concurso de Creaci\u00f3n de Canci\u00f3n han sido premiados m\u00e1s de un centenar de cancionistas. Todas las obras premiadas fueron canciones in\u00e9ditas especialmente creadas para ser presentadas a nuestro concurso. Hoy todas esas canciones se entrecruzan aqu\u00ed para enlazar a los pa\u00edses de Iberoam\u00e9rica al amparo de la m\u00fasica y la poes\u00eda.<\/p>\n<p>&nbsp;<\/p>\n<p>&nbsp;<\/p>\n<p><a href=\"https:\/\/open.spotify.com\/playlist\/22wX6sUHlZQq7JGwQ94jjz?si=79633c15f3e14734\">https:\/\/open.spotify.com\/playlist\/22wX6sUHlZQq7JGwQ94jjz?si=79633c15f3e14734<\/a><\/p>\n<p>&nbsp;<\/p>\n<p>&nbsp;<\/p>\n<p>Con canciones compuestas por: Florencia N\u00fa\u00f1ez (Uruguay), Gonzalo Deniz (Uruguay), Marcelo Ezquiaga (Argentina), Mar\u00eda Pien (Argentina), Carlos Vallarino (Panam\u00e1), Carmen Maria (M\u00e9xico), Mateo Lewis Obregon (Colombia), Bel\u00e9n Cuturi (Uruguay), Esteban Kl\u00edsich (Uruguay), Ana Robles (Argentina), Estela Magnone (Uruguay), Marcelo Segreto (Brasil), Amaury Muro (Cuba), Carol Naine (Brasil), Mar\u00eda Laura Bustamante (Per\u00fa), Daniela Spielmann (Brasil), Gast\u00f3n Rodr\u00edguez Ar\u00f3stegui (Uruguay), Jos\u00e9 Delgado (Venezuela), Andr\u00e9s Muratore (Argentina), Patricio Alvarado (Chile), Marcelo Jara (Chile), Patricia Malanca (Argentina), Danilo Montes (Chile), Paulo Araujo (Brasil), Monalisa Arias (Panam\u00e1), Donovan Camacho (Costa Rica), Daniel J\u00e1come (Panam\u00e1), Rafael Minga (Ecuador), Diego Carmona (Paraguay), Douglas Din (Brasil), Mar\u00eda Pretiz (Costa Rica), Carlos Cazal (Paraguay), Ika Sami (Ecuador), Daniel Moreno Vinader (Paraguay), Luis Alberto Bernal (Argentina), Renata Estefan\u00eda Nieto Moreno (Ecuador), Luiz Fernando da Costa Ribeiro (Brasil), Juan Arturo Hern\u00e1ndez (Uruguay), Enrique Quezadas Luna (M\u00e9xico), Joaqu\u00edn Finck (M\u00e9xico), Juku Ares (Argentina), Javiera Bobadilla \u00abLa P\u00e1jara\u00bb (Chile), Paola Su\u00e1rez (Argentina), Arema Arega (Cuba), Ceshia Ubau (Costa Rica), Ana Brissos (Portugal), Abimael Herrera (Panam\u00e1), Jose Alberto Lopez Saldierna (M\u00e9xico), Kaminador (M\u00e9xico), \u00c1ngel Molina (Paraguay), Lili del Sol (Colombia), Fran Fuzz (Chile), Camale\u00f3n de Pantano (Chile), Rodrigo S\u00e1nchez (Panam\u00e1), Pablo Molina (Chile), Raquel Coutinho Roriz (Brasil), Alex Montes (Pamam\u00e1) y Hugo Ferreira (Paraguay)<\/p>\n","protected":false},"excerpt":{"rendered":"<p>Hoy recomendamos \u201cBajo la luz de este mundo\u201d \u00a0 \u00a0 \u201cLos d\u00edas y las vidas en las ciudades. Resonancias contempor\u00e1neas. Reflexiones inmanentes sobre el ser y sobre nuestra relaci\u00f3n con el entorno humano y urbano\u201d. \u00a0 En todas las ediciones de nuestro concurso de Creaci\u00f3n de Canci\u00f3n han sido premiados m\u00e1s de un centenar de [&hellip;]<\/p>\n","protected":false},"author":7,"featured_media":18071,"comment_status":"closed","ping_status":"closed","sticky":false,"template":"","format":"standard","meta":{"footnotes":""},"categories":[53],"tags":[],"class_list":["post-17647","post","type-post","status-publish","format-standard","has-post-thumbnail","hentry","category-noticias-generales"],"lang":"es","translations":{"es":17647},"pll_sync_post":[],"post_mailing_queue_ids":[],"_links":{"self":[{"href":"http:\/\/staging.ibermusicas.org\/index.php\/wp-json\/wp\/v2\/posts\/17647","targetHints":{"allow":["GET"]}}],"collection":[{"href":"http:\/\/staging.ibermusicas.org\/index.php\/wp-json\/wp\/v2\/posts"}],"about":[{"href":"http:\/\/staging.ibermusicas.org\/index.php\/wp-json\/wp\/v2\/types\/post"}],"author":[{"embeddable":true,"href":"http:\/\/staging.ibermusicas.org\/index.php\/wp-json\/wp\/v2\/users\/7"}],"replies":[{"embeddable":true,"href":"http:\/\/staging.ibermusicas.org\/index.php\/wp-json\/wp\/v2\/comments?post=17647"}],"version-history":[{"count":1,"href":"http:\/\/staging.ibermusicas.org\/index.php\/wp-json\/wp\/v2\/posts\/17647\/revisions"}],"predecessor-version":[{"id":17650,"href":"http:\/\/staging.ibermusicas.org\/index.php\/wp-json\/wp\/v2\/posts\/17647\/revisions\/17650"}],"wp:featuredmedia":[{"embeddable":true,"href":"http:\/\/staging.ibermusicas.org\/index.php\/wp-json\/wp\/v2\/media\/18071"}],"wp:attachment":[{"href":"http:\/\/staging.ibermusicas.org\/index.php\/wp-json\/wp\/v2\/media?parent=17647"}],"wp:term":[{"taxonomy":"category","embeddable":true,"href":"http:\/\/staging.ibermusicas.org\/index.php\/wp-json\/wp\/v2\/categories?post=17647"},{"taxonomy":"post_tag","embeddable":true,"href":"http:\/\/staging.ibermusicas.org\/index.php\/wp-json\/wp\/v2\/tags?post=17647"}],"curies":[{"name":"wp","href":"https:\/\/api.w.org\/{rel}","templated":true}]}}