{"id":17651,"date":"2023-12-29T17:36:59","date_gmt":"2023-12-29T17:36:59","guid":{"rendered":"http:\/\/staging.ibermusicas.org\/?p=17651"},"modified":"2024-02-28T22:08:24","modified_gmt":"2024-02-28T22:08:24","slug":"apresentamos-itinerario-cancao-as-listas-de-reproducao-das-musicas-vencedoras-do-ibermusicas-2","status":"publish","type":"post","link":"http:\/\/staging.ibermusicas.org\/index.php\/apresentamos-itinerario-cancao-as-listas-de-reproducao-das-musicas-vencedoras-do-ibermusicas-2\/","title":{"rendered":"Apresentamos \u201cItiner\u00e1rio Can\u00e7\u00e3o\u201d, as listas de reprodu\u00e7\u00e3o das m\u00fasicas vencedoras do Iberm\u00fasicas"},"content":{"rendered":"<p><strong>Hoje recomendamos \u201cSob a luz deste mundo\u201d<\/strong><\/p>\n<p><strong>\u00a0<\/strong><em>\u201cOs dias e as vidas nas cidades. Resson\u00e2ncias contempor\u00e2neas. Reflex\u00f5es imanentes sobre si mesmo e sobre nossa rela\u00e7\u00e3o com o ambiente humano e urbano\u201c.<\/em><\/p>\n<p><em>\u00a0<\/em>Em todas as edi\u00e7\u00f5es do nosso concurso de Cria\u00e7\u00e3o de Can\u00e7\u00f5es, mais de cem compositoras e compositores foram premiados. Todos os trabalhos vencedores eram can\u00e7\u00f5es in\u00e9ditas criadas especialmente para serem enviadas ao nosso concurso. Hoje, todas essas can\u00e7\u00f5es est\u00e3o entrela\u00e7adas aqui para unir os pa\u00edses da Ibero-Am\u00e9rica sob a prote\u00e7\u00e3o da m\u00fasica e da poesia.<\/p>\n<p><a href=\"https:\/\/open.spotify.com\/playlist\/22wX6sUHlZQq7JGwQ94jjz?si=79633c15f3e14734\">https:\/\/open.spotify.com\/playlist\/22wX6sUHlZQq7JGwQ94jjz?si=79633c15f3e14734<\/a><\/p>\n<p>&nbsp;<\/p>\n<p>Com m\u00fasicas compostas por: Florencia N\u00fa\u00f1ez (Uruguai), Gonzalo Deniz (Uruguai), Marcelo Ezquiaga (Argentina), Mar\u00eda Pien (Argentina), Carlos Vallarino (Panam\u00e1), Carmen Maria (M\u00e9xico), Mateo Lewis Obregon (Col\u00f4mbia), Bel\u00e9n Cuturi (Uruguai), Esteban Kl\u00edsich (Uruguai), Ana Robles (Argentina), Estela Magnone (Uruguai), Marcelo Segreto (Brasil), Amaury Muro (Cuba), Carol Naine (Brasil), Mar\u00eda Laura Bustamante (Peru), Daniela Spielmann (Brasil), Gast\u00f3n Rodr\u00edguez Ar\u00f3stegui (Uruguai), Jos\u00e9 Delgado (Venezuela), Andr\u00e9s Muratore (Argentina), Patricio Alvarado (Chile), Marcelo Jara (Chile), Patricia Malanca (Argentina), Danilo Montes (Chile), Paulo Araujo (Brasil), Monalisa Arias (Panam\u00e1), Donovan Camacho (Costa Rica), Daniel J\u00e1come (Panam\u00e1), Rafael Minga (Equador), Diego Carmona (Paraguai), Douglas Din (Brasil), Mar\u00eda Pretiz (Costa Rica), Carlos Cazal (Paraguai), Ika Sami (Equador), Daniel Moreno Vinader (Paraguai), Luis Alberto Bernal (Argentina), Renata Estefan\u00eda Nieto Moreno (Equador), Luiz Fernando da Costa Ribeiro (Brasil), Juan Arturo Hern\u00e1ndez (Uruguai), Enrique Quezadas Luna (M\u00e9xico), Joaqu\u00edn Finck (M\u00e9xico), Juku Ares (Argentina), Javiera Bobadilla \u00abLa P\u00e1jara\u00bb (Chile), Paola Su\u00e1rez (Argentina), Arema Arega (Cuba), Ceshia Ubau (Costa Rica), Ana Brissos (Portugal), Abimael Herrera (Panam\u00e1), Jose Alberto Lopez Saldierna (M\u00e9xico), Kaminador (M\u00e9xico), \u00c1ngel Molina (Paraguai), Lili del Sol (Col\u00f4mbia), Fran Fuzz (Chile), Camale\u00f3n de Pantano (Chile), Rodrigo S\u00e1nchez (Panam\u00e1), Pablo Molina (Chile), Raquel Coutinho Roriz (Brasil), Alex Montes (Pamam\u00e1) e Hugo Ferreira (Paraguai).<\/p>\n","protected":false},"excerpt":{"rendered":"<p>Hoje recomendamos \u201cSob a luz deste mundo\u201d \u00a0\u201cOs dias e as vidas nas cidades. Resson\u00e2ncias contempor\u00e2neas. Reflex\u00f5es imanentes sobre si mesmo e sobre nossa rela\u00e7\u00e3o com o ambiente humano e urbano\u201c. \u00a0Em todas as edi\u00e7\u00f5es do nosso concurso de Cria\u00e7\u00e3o de Can\u00e7\u00f5es, mais de cem compositoras e compositores foram premiados. Todos os trabalhos vencedores eram [&hellip;]<\/p>\n","protected":false},"author":7,"featured_media":18071,"comment_status":"closed","ping_status":"closed","sticky":false,"template":"","format":"standard","meta":{"footnotes":""},"categories":[218],"tags":[],"class_list":["post-17651","post","type-post","status-publish","format-standard","has-post-thumbnail","hentry","category-noticias-generales-pt"],"lang":"pt","translations":{"pt":17651},"pll_sync_post":[],"post_mailing_queue_ids":[],"_links":{"self":[{"href":"http:\/\/staging.ibermusicas.org\/index.php\/wp-json\/wp\/v2\/posts\/17651","targetHints":{"allow":["GET"]}}],"collection":[{"href":"http:\/\/staging.ibermusicas.org\/index.php\/wp-json\/wp\/v2\/posts"}],"about":[{"href":"http:\/\/staging.ibermusicas.org\/index.php\/wp-json\/wp\/v2\/types\/post"}],"author":[{"embeddable":true,"href":"http:\/\/staging.ibermusicas.org\/index.php\/wp-json\/wp\/v2\/users\/7"}],"replies":[{"embeddable":true,"href":"http:\/\/staging.ibermusicas.org\/index.php\/wp-json\/wp\/v2\/comments?post=17651"}],"version-history":[{"count":1,"href":"http:\/\/staging.ibermusicas.org\/index.php\/wp-json\/wp\/v2\/posts\/17651\/revisions"}],"predecessor-version":[{"id":17652,"href":"http:\/\/staging.ibermusicas.org\/index.php\/wp-json\/wp\/v2\/posts\/17651\/revisions\/17652"}],"wp:featuredmedia":[{"embeddable":true,"href":"http:\/\/staging.ibermusicas.org\/index.php\/wp-json\/wp\/v2\/media\/18071"}],"wp:attachment":[{"href":"http:\/\/staging.ibermusicas.org\/index.php\/wp-json\/wp\/v2\/media?parent=17651"}],"wp:term":[{"taxonomy":"category","embeddable":true,"href":"http:\/\/staging.ibermusicas.org\/index.php\/wp-json\/wp\/v2\/categories?post=17651"},{"taxonomy":"post_tag","embeddable":true,"href":"http:\/\/staging.ibermusicas.org\/index.php\/wp-json\/wp\/v2\/tags?post=17651"}],"curies":[{"name":"wp","href":"https:\/\/api.w.org\/{rel}","templated":true}]}}